{"id":1124,"date":"2015-02-20T06:00:00","date_gmt":"2015-02-20T06:00:00","guid":{"rendered":"http:\/\/plazajuarez.mx\/index\/index.php\/2015\/02\/20\/se-enfrentan-normalistas-con-militares-en-la-autopista-del-sol\/"},"modified":"2015-02-20T06:00:00","modified_gmt":"2015-02-20T06:00:00","slug":"se-enfrentan-normalistas-con-militares-en-la-autopista-del-sol","status":"publish","type":"post","link":"https:\/\/plazajuarez.mx\/historico\/se-enfrentan-normalistas-con-militares-en-la-autopista-del-sol\/","title":{"rendered":"Se enfrentan normalistas con  militares en la Autopista del Sol"},"content":{"rendered":"<p>Chilpancingo, Gro. Unos 200 estudiantes de la Normal Rural de Ayotzinapa se enfrentaron con soldados de la 35 Zona Militar en el marco del 102 Aniversario de la creaci\u00f3n del Ej\u00e9rcito Mexicano; los estudiantes exigen la presentaci\u00f3n con vida de sus 42 compa\u00f1eros desaparecidos desde el pasado 26 de septiembre. Durante unos 15 minutos los j\u00f3venes arrojaron piedras y petardos a las instalaciones militares, ubicadas a un costado de la Autopista del Sol, los soldados respondieron de la misma forma, sin reportarse personas lesionadas. La Autopista del Sol, con direcci\u00f3n M\u00e9xico-Acapulco, permaneci\u00f3 cerrada a la circulaci\u00f3n en los tres carriles durante el tiempo que dur\u00f3 el enfrentamiento. (Agencias)<\/p>\n<p>  <!--more-->  <\/p>\n<p>\u00a0<\/p>\n","protected":false},"excerpt":{"rendered":"<p>Chilpancingo, Gro. Unos 200 estudiantes de la Normal Rural de Ayotzinapa se enfrentaron con soldados de la 35 Zona Militar en el marco del 102 Aniversario de la creaci\u00f3n del Ej\u00e9rcito Mexicano; los estudiantes exigen la presentaci\u00f3n con vida de sus 42 compa\u00f1eros desaparecidos desde el pasado 26 de septiembre. Durante unos 15 minutos los [&hellip;]<\/p>\n","protected":false},"author":93,"featured_media":0,"comment_status":"open","ping_status":"open","sticky":false,"template":"","format":"standard","meta":{"footnotes":""},"categories":[36],"tags":[],"class_list":["post-1124","post","type-post","status-publish","format-standard","hentry","category-nacion"],"_links":{"self":[{"href":"https:\/\/plazajuarez.mx\/historico\/wp-json\/wp\/v2\/posts\/1124","targetHints":{"allow":["GET"]}}],"collection":[{"href":"https:\/\/plazajuarez.mx\/historico\/wp-json\/wp\/v2\/posts"}],"about":[{"href":"https:\/\/plazajuarez.mx\/historico\/wp-json\/wp\/v2\/types\/post"}],"author":[{"embeddable":true,"href":"https:\/\/plazajuarez.mx\/historico\/wp-json\/wp\/v2\/users\/93"}],"replies":[{"embeddable":true,"href":"https:\/\/plazajuarez.mx\/historico\/wp-json\/wp\/v2\/comments?post=1124"}],"version-history":[{"count":0,"href":"https:\/\/plazajuarez.mx\/historico\/wp-json\/wp\/v2\/posts\/1124\/revisions"}],"wp:attachment":[{"href":"https:\/\/plazajuarez.mx\/historico\/wp-json\/wp\/v2\/media?parent=1124"}],"wp:term":[{"taxonomy":"category","embeddable":true,"href":"https:\/\/plazajuarez.mx\/historico\/wp-json\/wp\/v2\/categories?post=1124"},{"taxonomy":"post_tag","embeddable":true,"href":"https:\/\/plazajuarez.mx\/historico\/wp-json\/wp\/v2\/tags?post=1124"}],"curies":[{"name":"wp","href":"https:\/\/api.w.org\/{rel}","templated":true}]}}