{"id":112169,"date":"2020-05-27T16:00:54","date_gmt":"2020-05-27T21:00:54","guid":{"rendered":"https:\/\/plazajuarez.mx\/?p=112169"},"modified":"2020-05-27T16:01:01","modified_gmt":"2020-05-27T21:01:01","slug":"denuncian-escasez-de-farmacos-oncologicos-en-mexico-desde-hace-mas-de-un-mes","status":"publish","type":"post","link":"https:\/\/plazajuarez.mx\/historico\/denuncian-escasez-de-farmacos-oncologicos-en-mexico-desde-hace-mas-de-un-mes\/","title":{"rendered":"Denuncian escasez de f\u00e1rmacos oncol\u00f3gicos en M\u00e9xico desde hace m\u00e1s de un mes"},"content":{"rendered":"\n<p><strong>Padres de ni\u00f1os con c\u00e1ncer se manifiestan este mi\u00e9rcoles en las escalinatas del \u00c1ngel de la Independencia, en Ciudad de M\u00e9xico<\/strong><\/p>\n\n\n\n<!--more-->\n\n\n\n<p>Decenas de padres de ni\u00f1os con c\u00e1ncer se manifestaron este mi\u00e9rcoles en M\u00e9xico para exigir a las autoridades de salud el abastecimiento de medicamentos oncol\u00f3gicos tras un mes y medio de escasez en plena pandemia, y anunciaron una huelga de hambre tras sentirse ignorados.<\/p>\n\n\n\n<p>&#8220;Tenemos mes y medio de desabasto de medicamento de ciclofosfamida, citarabina que no llega a Hospital Federico G\u00f3mez. Estamos hablando de cerca de 800 ni\u00f1os afectados&#8221;, se\u00f1al\u00f3 Omar Hern\u00e1ndez, padre de un ni\u00f1o con c\u00e1ncer.<\/p>\n\n\n\n<p>Los padres de estos peque\u00f1os se\u00f1alaron que desde 2018 el desabastecimiento se repite aproximadamente cada tres meses, y con la pandemia del coronavirus SARS-CoV-2 el problema se ha agudizado, y en el pa\u00eds al menos 20.000 ni\u00f1os estar\u00edan afectados por esta crisis.<\/p>\n\n\n\n<p>&#8220;Si la pandemia no los mata, los va a matar el desabasto del medicamento oncol\u00f3gico&#8221;, insisti\u00f3 Hern\u00e1ndez, quien dijo que esta escasez es m\u00e1s aguda en estados como Tabasco, Michoac\u00e1n, Guerrero, Veracruz donde llevan un a\u00f1o sin medicamento.<\/p>\n\n\n\n<p>&#8220;\u00a1Ya basta, estamos cansados!&#8221;, enfatiz\u00f3.<\/p>\n\n\n\n<p>&#8220;Somos invisibles ante el COVID, no nos hacen caso, no nos voltean a ver&#8221;, clam\u00f3 desesperada Abigail Iturbide, madre de un ni\u00f1o de 5 a\u00f1os que padece leucemia linfobl\u00e1stica aguda y desde hace una semana no recibe su tratamiento de quimioterapia en el Hospital de La Raza, en la Ciudad de M\u00e9xico.<\/p>\n\n\n\n<p>&#8220;Hago un llamado para que nos hagan caso, nos volteen a ver porque nuestros hijos se est\u00e1n quedando sin medicamentos&#8221;, dijo la se\u00f1ora Abigail Iturbide.<\/p>\n\n\n\n<p>15 MOMENTOS DE ESCASEZ EN DOS A\u00d1OS<\/p>\n\n\n\n<p>Luis Fernando Reyes Guzm\u00e1n es pap\u00e1 de Gael, un ni\u00f1o de 4 a\u00f1os con retinoblastoma bilateral, &#8220;C\u00e1ncer en los ojos&#8221;, explic\u00f3.<\/p>\n\n\n\n<p>Hace dos a\u00f1os y tres meses que a su peque\u00f1o le diagnosticaron este tipo de c\u00e1ncer y, desde entonces, calcula que ha vivido un aproximado de 15 desabastecimientos de medicamentos, lo cual ya ha tenido consecuencias irreversibles en su hijo.<\/p>\n\n\n\n<p>&#8220;Mi hijo ahorita, a ra\u00edz de desabastos pasados le afect\u00f3 tanto el tumor que le quitaron el ojo, entonces ahorita mi hijo qued\u00f3 legalmente ciego, ahorita est\u00e1 con otro tipo de tratamiento. Ya no ocupa medicamento porque no le sirve ya&#8221;, coment\u00f3 con resignaci\u00f3n.<\/p>\n\n\n\n<p>Record\u00f3 que hace un a\u00f1o, Gael necesitaba vincristina y ciclofosfamida para continuar con su tratamiento, pero con el desabastecimiento se qued\u00f3 sin quimioterapia un mes y medio lo que hizo que el tumor creciera m\u00e1s.<\/p>\n\n\n\n<p>Se\u00f1al\u00f3 que aunque su hijo ya no requiere el medicamento, su lucha ahora es porque otros padres y ni\u00f1os en M\u00e9xico no padezcan lo que \u00e9l.<\/p>\n\n\n\n<p>Juana Rojas es mam\u00e1 de Samuel, de 13 a\u00f1os, quien es paciente del Hospital 20 de Noviembre y se\u00f1al\u00f3 que el desabasto en el nosocomio tiene unos dos a\u00f1os.<\/p>\n\n\n\n<p>&#8220;No hay citarabina, no hay etop\u00f3sido, no hay daunorrubicina. De hecho llegan medicamentos a cuentagotas&#8221;, asegur\u00f3.<\/p>\n\n\n\n<p>Los padres de familia negaron nuevamente ser parte de alg\u00fan partido pol\u00edtico o ser pagados, como lo han insinuado en varias ocasiones las autoridades de salud.<\/p>\n\n\n\n<p>Y dijeron que, de no recibir una respuesta en la Secretar\u00eda de Salud, a cuya sede acudieron tras la protesta, empezar\u00edan una huelga de hambre indefinida.<\/p>\n\n\n\n<p>Finalmente, lamentaron que la pandemia por el coronavirus haya robado los reflectores a esta crisis de desabastecimiento.<\/p>\n\n\n\n<p>&#8220;El coronavirus vino a ser un calmante para ellos (las autoridades) pero para nosotros no. La quimioterapia no tiene cuarentena&#8221;, concluy\u00f3 Rojas.<\/p>\n\n\n\n<p>La crisis por el desabastecimiento de medicamentos en el sector salud se agudiz\u00f3 en 2019 debido a los recortes presupuestarios y a los cambios en la forma de comprar las medicinas impuestos por el Gobierno de Andr\u00e9s Manuel L\u00f3pez Obrador, quien asumi\u00f3 la Presidencia el 1 de diciembre de 2018.<\/p>\n\n\n\n<p>M\u00e9xico report\u00f3 el martes su d\u00eda con m\u00e1s muertes por coronavirus con 501 y tambi\u00e9n con un r\u00e9cord de contagios por COVID-19 con 3.455 en las \u00faltimas 24 horas.<\/p>\n\n\n\n<p>En total, acumula 8.134 decesos y 74.560 casos confirmados desde el principio de la pandemia.<\/p>\n","protected":false},"excerpt":{"rendered":"<p>Padres de ni\u00f1os con c\u00e1ncer se manifiestan este mi\u00e9rcoles en las escalinatas del \u00c1ngel de la Independencia, en Ciudad de M\u00e9xico<\/p>\n","protected":false},"author":80,"featured_media":0,"comment_status":"closed","ping_status":"open","sticky":false,"template":"","format":"standard","meta":{"footnotes":""},"categories":[15,36],"tags":[],"class_list":["post-112169","post","type-post","status-publish","format-standard","hentry","category-destacadas","category-nacion"],"_links":{"self":[{"href":"https:\/\/plazajuarez.mx\/historico\/wp-json\/wp\/v2\/posts\/112169","targetHints":{"allow":["GET"]}}],"collection":[{"href":"https:\/\/plazajuarez.mx\/historico\/wp-json\/wp\/v2\/posts"}],"about":[{"href":"https:\/\/plazajuarez.mx\/historico\/wp-json\/wp\/v2\/types\/post"}],"author":[{"embeddable":true,"href":"https:\/\/plazajuarez.mx\/historico\/wp-json\/wp\/v2\/users\/80"}],"replies":[{"embeddable":true,"href":"https:\/\/plazajuarez.mx\/historico\/wp-json\/wp\/v2\/comments?post=112169"}],"version-history":[{"count":0,"href":"https:\/\/plazajuarez.mx\/historico\/wp-json\/wp\/v2\/posts\/112169\/revisions"}],"wp:attachment":[{"href":"https:\/\/plazajuarez.mx\/historico\/wp-json\/wp\/v2\/media?parent=112169"}],"wp:term":[{"taxonomy":"category","embeddable":true,"href":"https:\/\/plazajuarez.mx\/historico\/wp-json\/wp\/v2\/categories?post=112169"},{"taxonomy":"post_tag","embeddable":true,"href":"https:\/\/plazajuarez.mx\/historico\/wp-json\/wp\/v2\/tags?post=112169"}],"curies":[{"name":"wp","href":"https:\/\/api.w.org\/{rel}","templated":true}]}}