{"id":112164,"date":"2020-05-27T15:42:39","date_gmt":"2020-05-27T20:42:39","guid":{"rendered":"https:\/\/plazajuarez.mx\/?p=112164"},"modified":"2020-05-27T15:42:46","modified_gmt":"2020-05-27T20:42:46","slug":"aplicar-pruebas-covid-a-toda-la-poblacion-desperdicio-de-tiempo","status":"publish","type":"post","link":"https:\/\/plazajuarez.mx\/historico\/aplicar-pruebas-covid-a-toda-la-poblacion-desperdicio-de-tiempo\/","title":{"rendered":"&#8220;Aplicar pruebas Covid a toda la poblaci\u00f3n, desperdicio de tiempo&#8221;"},"content":{"rendered":"\n<p><strong>L\u00f3pez-Gatell destac\u00f3 &#8220;nadie sabe cu\u00e1ntos casos reales hay en su pa\u00eds, y esto no debe considerarse una negligencia&#8221;.<\/strong><\/p>\n\n\n\n<!--more-->\n\n\n\n<p>El subsecretario de Prevenci\u00f3n y Promoci\u00f3n de la Salud, Hugo L\u00f3pez-Gatell, asegur\u00f3 que aplicar pruebas de Covid-19 a toda la poblaci\u00f3n ser\u00eda &#8220;un desperdicio de tiempo, de esfuerzo, de recursos&#8221; ante el tama\u00f1o de la pandemia, en M\u00e9xico y todo el mundo.<\/p>\n\n\n\n<p>Cuestionado en una reuni\u00f3n virtual con senadores, L\u00f3pez-Gatell destac\u00f3 que &#8220;ning\u00fan pa\u00eds sabe exactamente cu\u00e1ntos casos tiene de Covid-19&#8221;, ni siquiera Estados Unidos, que aplica el mayor n\u00famero de pruebas.<\/p>\n\n\n\n<p>&#8220;No nos interesa porque es in\u00fatil, costoso e inviable aplicar una entrevista (o prueba) a todas las personas de un pa\u00eds (\u2026) nadie sabe cu\u00e1ntos casos reales hay en su pa\u00eds, y esto no debe considerarse una negligencia.<\/p>\n\n\n\n<p>&#8220;Se ha manejado que s\u00f3lo M\u00e9xico no tiene un registro completo de casos, falso, pero la diferencia estriba en que el Gobierno mexicano ha declarado que no tiene como prop\u00f3sito contar cada uno de los casos, sino acudir a los mecanismos eficientes modernos y probados para atajar la pandemia&#8221;, se\u00f1al\u00f3.<\/p>\n\n\n\n<p>Mientras L\u00f3pez-Gatell expon\u00eda el tratamiento que ha tenido el coronavirus en M\u00e9xico, los senadores del PAN protestaban en la comparecencia virtual portando cubrebocas azules con la palabra &#8220;pruebas&#8221;, y lo compartieron en redes sociales.<\/p>\n\n\n\n<p>&#8220;M\u00e9xico es uno de los pa\u00edses donde se han aplicado menos pruebas para detectar el Covid-19. Hay que realizar el mayor n\u00famero de pruebas si se quiere llegar a un aplanamiento en la curva de contagios&#8221;, asegur\u00f3 Mauricio Kuri, coordinador de los senadores panistas.<\/p>\n\n\n\n<p>L\u00f3pez-Gatell tambi\u00e9n defendi\u00f3 la estrategia del confinamiento no obligatorio que el Gobierno federal implement\u00f3 durante las fases dos y tres de la pandemia, mejor conocida como la Jornada Nacional de Sana Distancia.<\/p>\n\n\n\n<p>&#8220;M\u00e9xico tiene una larga y lamentable historia de falta de abusos por parte de fuerzas del estado a la poblaci\u00f3n civil que, nos guste o no, ha sido ampliamente documentada. A\u00fan sin el uso de la fuerza, el 60% de la movilidad se redujo&#8221;, destac\u00f3.<\/p>\n\n\n\n<p>Admiti\u00f3 que hay hospitales que se han visto rebasados en la fase tres de la pandemia, ya que las personas llegan en una etapa tard\u00eda de la enfermedad y requieren atenci\u00f3n de la red de Infecciones Respiratorias Agudas Graves (IRAG).<\/p>\n\n\n\n<p>Tambi\u00e9n destac\u00f3 que &#8220;por m\u00e1s de 35 a\u00f1os se document\u00f3 una subinversi\u00f3n en el sistema de salud, un retraso en la capacitaci\u00f3n de profesionales de la salud y poca renovaci\u00f3n del equipo m\u00e9dico&#8221;, y con ello, dijo, tuvo que lidiar el gobierno actual.<\/p>\n","protected":false},"excerpt":{"rendered":"<p>L\u00f3pez-Gatell destac\u00f3 &#8220;nadie sabe cu\u00e1ntos casos reales hay en su pa\u00eds, y esto no debe considerarse una negligencia&#8221;.<\/p>\n","protected":false},"author":81,"featured_media":0,"comment_status":"closed","ping_status":"open","sticky":false,"template":"","format":"standard","meta":{"footnotes":""},"categories":[15,63,36],"tags":[],"class_list":["post-112164","post","type-post","status-publish","format-standard","hentry","category-destacadas","category-las-camaras","category-nacion"],"_links":{"self":[{"href":"https:\/\/plazajuarez.mx\/historico\/wp-json\/wp\/v2\/posts\/112164","targetHints":{"allow":["GET"]}}],"collection":[{"href":"https:\/\/plazajuarez.mx\/historico\/wp-json\/wp\/v2\/posts"}],"about":[{"href":"https:\/\/plazajuarez.mx\/historico\/wp-json\/wp\/v2\/types\/post"}],"author":[{"embeddable":true,"href":"https:\/\/plazajuarez.mx\/historico\/wp-json\/wp\/v2\/users\/81"}],"replies":[{"embeddable":true,"href":"https:\/\/plazajuarez.mx\/historico\/wp-json\/wp\/v2\/comments?post=112164"}],"version-history":[{"count":0,"href":"https:\/\/plazajuarez.mx\/historico\/wp-json\/wp\/v2\/posts\/112164\/revisions"}],"wp:attachment":[{"href":"https:\/\/plazajuarez.mx\/historico\/wp-json\/wp\/v2\/media?parent=112164"}],"wp:term":[{"taxonomy":"category","embeddable":true,"href":"https:\/\/plazajuarez.mx\/historico\/wp-json\/wp\/v2\/categories?post=112164"},{"taxonomy":"post_tag","embeddable":true,"href":"https:\/\/plazajuarez.mx\/historico\/wp-json\/wp\/v2\/tags?post=112164"}],"curies":[{"name":"wp","href":"https:\/\/api.w.org\/{rel}","templated":true}]}}