{"id":1121,"date":"2015-02-20T06:00:00","date_gmt":"2015-02-20T06:00:00","guid":{"rendered":"http:\/\/plazajuarez.mx\/index\/index.php\/2015\/02\/20\/accidente-cobra-la-vida-de-una-mujer\/"},"modified":"2015-02-20T06:00:00","modified_gmt":"2015-02-20T06:00:00","slug":"accidente-cobra-la-vida-de-una-mujer","status":"publish","type":"post","link":"https:\/\/plazajuarez.mx\/historico\/accidente-cobra-la-vida-de-una-mujer\/","title":{"rendered":"Accidente cobra la vida de una mujer"},"content":{"rendered":"<p>AYER, EN LA CARRETERA ESTATAL ARENALITO-LA MESA\u00a0 <\/p>\n<p><strong>* El conductor de la unidad siniestrada result\u00f3 lesionado y lo hospitalizaron<\/strong><\/p>\n<p><strong>* Polic\u00edas Municipales de Cardonal y Estatales toman conocimiento del percance<\/strong><\/p>\n<p><strong>* Familiares y vecinos impidieron las diligencias del agente del Ministerio P\u00fablico<\/strong><\/p>\n<p>  <!--more-->  <\/p>\n<p>\u00a0<\/p>\n<p>Un fat\u00eddico accidente que cobr\u00f3 la vida de una mujer, aconteci\u00f3 la ma\u00f1ana de ayer al filo de las 8:00 horas en el municipio del Cardonal, donde automovilistas particulares reportaron v\u00eda telef\u00f3nica al 066 de Emergencias el fatal percance y solicitaron de urgencia la asistencia de socorristas y param\u00e9dicos para auxiliar al conductor que sali\u00f3 herido y se debat\u00eda entre la vida y la muerte.<\/p>\n<p>El hecho gener\u00f3 la inmediata movilizaci\u00f3n de personal de las diferentes corporaciones policiales de la regi\u00f3n, por lo que inicialmente del hecho tomaron conocimiento elementos de la Polic\u00eda del municipio antes descrito, mismos que auxiliaron en las labores de abanderamiento a los veh\u00edculos que transitaban por la citada v\u00eda de comunicaci\u00f3n y las diligencias del accidente corrieron a cargo de agentes de la Coordinaci\u00f3n de Seguridad Estatal.<\/p>\n<p>As\u00ed mismo se tuvo presencia de agentes de la Coordinaci\u00f3n de Investigaci\u00f3n, pero finalmente como se trat\u00f3 de un accidente su intervenci\u00f3n s\u00f3lo fue de apoyo.<\/p>\n<p>Sobre el accidente de tr\u00e1nsito terrestre en el lugar, los efectivos polic\u00edacos dieron a conocer que se trat\u00f3 de una salida de camino y ca\u00edda a un barranco de aproximadamente 100 metros de profundidad, en la carretera estatal Arenalito-La Mesa, ello a la altura del kil\u00f3metro 16, donde qued\u00f3 severamente da\u00f1ado el veh\u00edculo marca Nissan, tipo Tsuru, color gris, modelo 94, que transitaba a alta velocidad y sin placas de circulaci\u00f3n.<\/p>\n<p>Tras el percance, result\u00f3 lesionado de gravedad Salom\u00f3 Ch\u00e1vez, de 55 a\u00f1os, quien viajaba como conductor en el auto compacto, por lo que luego de ser estabilizado por param\u00e9dicos de Protecci\u00f3n Civil, se decidi\u00f3 su inmediato traslado al Hospital Regional de Ixmiquilpan, donde fue ingresado a la sala de urgencias.<\/p>\n<p>Pese a que se le dio aviso al agente del Ministerio P\u00fablico para que diera fe del cad\u00e1ver de la mujer que fue identificada por sus familiares como quien en vida respondi\u00f3 al nombre de Victoria Gonz\u00e1lez G\u00f3mez, de 48 a\u00f1os, el representante social no pudo realizar sus diligencias porque los lugare\u00f1os impidieron su labor y se quedaron con el cad\u00e1ver de la f\u00e9mina para darle sepultura, adem\u00e1s de que tambi\u00e9n retuvieron la unidad siniestrada.<\/p>\n","protected":false},"excerpt":{"rendered":"<p>AYER, EN LA CARRETERA ESTATAL ARENALITO-LA MESA\u00a0 * El conductor de la unidad siniestrada result\u00f3 lesionado y lo hospitalizaron * Polic\u00edas Municipales de Cardonal y Estatales toman conocimiento del percance * Familiares y vecinos impidieron las diligencias del agente del Ministerio P\u00fablico<\/p>\n","protected":false},"author":93,"featured_media":0,"comment_status":"open","ping_status":"open","sticky":false,"template":"","format":"standard","meta":{"footnotes":""},"categories":[37],"tags":[],"class_list":["post-1121","post","type-post","status-publish","format-standard","hentry","category-barandilla"],"_links":{"self":[{"href":"https:\/\/plazajuarez.mx\/historico\/wp-json\/wp\/v2\/posts\/1121","targetHints":{"allow":["GET"]}}],"collection":[{"href":"https:\/\/plazajuarez.mx\/historico\/wp-json\/wp\/v2\/posts"}],"about":[{"href":"https:\/\/plazajuarez.mx\/historico\/wp-json\/wp\/v2\/types\/post"}],"author":[{"embeddable":true,"href":"https:\/\/plazajuarez.mx\/historico\/wp-json\/wp\/v2\/users\/93"}],"replies":[{"embeddable":true,"href":"https:\/\/plazajuarez.mx\/historico\/wp-json\/wp\/v2\/comments?post=1121"}],"version-history":[{"count":0,"href":"https:\/\/plazajuarez.mx\/historico\/wp-json\/wp\/v2\/posts\/1121\/revisions"}],"wp:attachment":[{"href":"https:\/\/plazajuarez.mx\/historico\/wp-json\/wp\/v2\/media?parent=1121"}],"wp:term":[{"taxonomy":"category","embeddable":true,"href":"https:\/\/plazajuarez.mx\/historico\/wp-json\/wp\/v2\/categories?post=1121"},{"taxonomy":"post_tag","embeddable":true,"href":"https:\/\/plazajuarez.mx\/historico\/wp-json\/wp\/v2\/tags?post=1121"}],"curies":[{"name":"wp","href":"https:\/\/api.w.org\/{rel}","templated":true}]}}