{"id":112086,"date":"2020-05-27T06:00:00","date_gmt":"2020-05-27T11:00:00","guid":{"rendered":"https:\/\/plazajuarez.mx\/?p=112086"},"modified":"2020-05-26T21:58:47","modified_gmt":"2020-05-27T02:58:47","slug":"anuncian-comerciantes-regreso-a-las-actividades","status":"publish","type":"post","link":"https:\/\/plazajuarez.mx\/historico\/anuncian-comerciantes-regreso-a-las-actividades\/","title":{"rendered":"Anuncian comerciantes regreso a las actividades"},"content":{"rendered":"\n<ul class=\"wp-block-list\"><li><strong>Piden una reuni\u00f3n con el secretario de Pol\u00edticas P\u00fablicas, Jos\u00e9 Luis Romo, esto para manifestar las razones de esta decisi\u00f3n<\/strong><\/li><\/ul>\n\n\n\n<!--more-->\n\n\n\n<p>Mediante carta dirigida al gobernador Omar Fayad Meneses, comerciantes del primer cuadro de Pachuca manifestaron su decisi\u00f3n de reiniciar sus actividades a partir del lunes 1 de junio, a pesar de que se prev\u00e9 la ampliaci\u00f3n de la cuarentena durante dicho mes, argumentando la actual situaci\u00f3n que vive el sector comercial por la pandemia del Covid-19.&nbsp;<\/p>\n\n\n\n<p>Sobre ello, los afectados afirmaron que, a ra\u00edz de las medidas implementadas por el gobierno estatal para evitar la propagaci\u00f3n del Covid-19, entre ellas el cierre de comercios a partir del 16 de marzo del a\u00f1o en curso, se vive una situaci\u00f3n adversa por la falta de ventas, pues refirieron que, a pesar de que no todos los locales llegaron a cerrar, la poblaci\u00f3n se qued\u00f3 con la idea de que el comercio se detuvo.&nbsp;<\/p>\n\n\n\n<p>Por otro lado, manifestaron que ante el anuncio del gobierno estatal de extender durante el mes de junio estas medidas, se ha generado incertidumbre entre el sector comercial, argumentando que ya se suman dos meses sin alg\u00fan tipo de ingresos, y que por otro lado, cuentan con la exigencia del pago de diversas obligaciones, como impuestos, cuotas patronales y servicios b\u00e1sicos.&nbsp;<\/p>\n\n\n\n<p>Agregaron que, derivado de esta situaci\u00f3n, no se cuentan con reservas para m\u00e1s de tres meses sin que haya ingresos, expresando tambi\u00e9n que aunado a los gastos antes mencionados, existen gastos personales de manutenci\u00f3n y educativos, entre otros.&nbsp;<\/p>\n\n\n\n<p>Por este motivo, anunciaron la decisi\u00f3n de retomar sus actividades a partir del pr\u00f3ximo lunes, manifestando que se cumplir\u00e1n las medidas por parte del Sector Salud y de la Comisi\u00f3n para la Protecci\u00f3n contra Riesgos Sanitarios del Estado de Hidalgo (Copriseh), acotando que los comerciantes de la regi\u00f3n centro del pa\u00eds son los que han respetado el cierre de comercios, mas no la poblaci\u00f3n con las me<\/p>\n","protected":false},"excerpt":{"rendered":"<p>Piden una reuni\u00f3n con el secretario de Pol\u00edticas P\u00fablicas, Jos\u00e9 Luis Romo, esto para manifestar las razones de esta decisi\u00f3n<\/p>\n","protected":false},"author":93,"featured_media":0,"comment_status":"closed","ping_status":"open","sticky":false,"template":"","format":"standard","meta":{"footnotes":""},"categories":[59],"tags":[],"class_list":["post-112086","post","type-post","status-publish","format-standard","hentry","category-general"],"_links":{"self":[{"href":"https:\/\/plazajuarez.mx\/historico\/wp-json\/wp\/v2\/posts\/112086","targetHints":{"allow":["GET"]}}],"collection":[{"href":"https:\/\/plazajuarez.mx\/historico\/wp-json\/wp\/v2\/posts"}],"about":[{"href":"https:\/\/plazajuarez.mx\/historico\/wp-json\/wp\/v2\/types\/post"}],"author":[{"embeddable":true,"href":"https:\/\/plazajuarez.mx\/historico\/wp-json\/wp\/v2\/users\/93"}],"replies":[{"embeddable":true,"href":"https:\/\/plazajuarez.mx\/historico\/wp-json\/wp\/v2\/comments?post=112086"}],"version-history":[{"count":0,"href":"https:\/\/plazajuarez.mx\/historico\/wp-json\/wp\/v2\/posts\/112086\/revisions"}],"wp:attachment":[{"href":"https:\/\/plazajuarez.mx\/historico\/wp-json\/wp\/v2\/media?parent=112086"}],"wp:term":[{"taxonomy":"category","embeddable":true,"href":"https:\/\/plazajuarez.mx\/historico\/wp-json\/wp\/v2\/categories?post=112086"},{"taxonomy":"post_tag","embeddable":true,"href":"https:\/\/plazajuarez.mx\/historico\/wp-json\/wp\/v2\/tags?post=112086"}],"curies":[{"name":"wp","href":"https:\/\/api.w.org\/{rel}","templated":true}]}}