{"id":112000,"date":"2020-05-27T06:00:00","date_gmt":"2020-05-27T11:00:00","guid":{"rendered":"https:\/\/plazajuarez.mx\/?p=112000"},"modified":"2020-05-26T20:45:16","modified_gmt":"2020-05-27T01:45:16","slug":"bocelli-dona-su-plasma-para-investigacion","status":"publish","type":"post","link":"https:\/\/plazajuarez.mx\/historico\/bocelli-dona-su-plasma-para-investigacion\/","title":{"rendered":"Bocelli dona su plasma para investigaci\u00f3n"},"content":{"rendered":"\n<ul class=\"wp-block-list\"><li><strong>El artista se hizo las pruebas de Covid-19 el 10 de marzo y dieron un resultado positivo, pero fue pr\u00e1cticamente asintom\u00e1tico<\/strong><\/li><\/ul>\n\n\n\n<!--more-->\n\n\n\n<p>El tenor italiano Andrea Bocelli tuvo la enfermedad de la Covid-19 pero solo padeci\u00f3 s\u00edntomas leves, al igual que su esposa y dos de sus hijos, seg\u00fan reconoci\u00f3 a la salida del hospital de Pisa (norte), al que acudi\u00f3 para donar plasma.<\/p>\n\n\n\n<p>El artista se hizo las pruebas el pasado 10 de marzo y dieron un resultado positivo, pero fue pr\u00e1cticamente asintom\u00e1tico, solo con algunas d\u00e9cimas de fiebre, declar\u00f3 a los medios.<\/p>\n\n\n\n<p>&#8220;Honestamente, cuando he descubierto que lo ten\u00eda, me he lanzado a la piscina porque estaba bien&#8221;, se\u00f1al\u00f3.<\/p>\n\n\n\n<p>Con \u00e9l resultaron positivos su esposa, Veronica Berti, y dos de sus hijos, Amos y Matteo, pero ninguno sufri\u00f3 s\u00edntomas de relevancia, seg\u00fan detallan los medios locales.<\/p>\n\n\n\n<p>Bocelli acudi\u00f3 junto a su esposa ayer al hospital Cisanello de Pisa, ambos protegidos con mascarillas, para donar plasma para la investigaci\u00f3n de esta enfermedad.<\/p>\n\n\n\n<p>En un comunicado el propio hospital agradeci\u00f3 al cantante la donaci\u00f3n, que servir\u00e1 para el estudio &#8220;Tsunami&#8221;, un experimento nacional que valorar\u00e1 la eficacia del plasma inmune de pacientes que han pasado el coronavirus en el tratamiento contra el mismo.<\/p>\n\n\n\n<p>El 12 de abril, d\u00eda de Pascua, ofreci\u00f3 un emotivo concierto en la catedral de Mil\u00e1n (norte), ante una ciudad vac\u00eda y confinada, como el resto del pa\u00eds, para dar un mensaje de esperanza al mundo.<\/p>\n\n\n\n<p>Y tambi\u00e9n sum\u00f3 su voz al macroconcierto por internet &#8220;One world together at home&#8221;.<\/p>\n","protected":false},"excerpt":{"rendered":"<p>El artista se hizo las pruebas de Covid-19 el 10 de marzo y dieron un resultado positivo, pero fue pr\u00e1cticamente asintom\u00e1tico<\/p>\n","protected":false},"author":80,"featured_media":0,"comment_status":"closed","ping_status":"open","sticky":false,"template":"","format":"standard","meta":{"footnotes":""},"categories":[38],"tags":[],"class_list":["post-112000","post","type-post","status-publish","format-standard","hentry","category-show"],"_links":{"self":[{"href":"https:\/\/plazajuarez.mx\/historico\/wp-json\/wp\/v2\/posts\/112000","targetHints":{"allow":["GET"]}}],"collection":[{"href":"https:\/\/plazajuarez.mx\/historico\/wp-json\/wp\/v2\/posts"}],"about":[{"href":"https:\/\/plazajuarez.mx\/historico\/wp-json\/wp\/v2\/types\/post"}],"author":[{"embeddable":true,"href":"https:\/\/plazajuarez.mx\/historico\/wp-json\/wp\/v2\/users\/80"}],"replies":[{"embeddable":true,"href":"https:\/\/plazajuarez.mx\/historico\/wp-json\/wp\/v2\/comments?post=112000"}],"version-history":[{"count":0,"href":"https:\/\/plazajuarez.mx\/historico\/wp-json\/wp\/v2\/posts\/112000\/revisions"}],"wp:attachment":[{"href":"https:\/\/plazajuarez.mx\/historico\/wp-json\/wp\/v2\/media?parent=112000"}],"wp:term":[{"taxonomy":"category","embeddable":true,"href":"https:\/\/plazajuarez.mx\/historico\/wp-json\/wp\/v2\/categories?post=112000"},{"taxonomy":"post_tag","embeddable":true,"href":"https:\/\/plazajuarez.mx\/historico\/wp-json\/wp\/v2\/tags?post=112000"}],"curies":[{"name":"wp","href":"https:\/\/api.w.org\/{rel}","templated":true}]}}