{"id":1120,"date":"2015-02-20T06:00:00","date_gmt":"2015-02-20T06:00:00","guid":{"rendered":"http:\/\/plazajuarez.mx\/index\/index.php\/2015\/02\/20\/septuagenario-se-suicido-en-su-vivienda\/"},"modified":"2015-02-20T06:00:00","modified_gmt":"2015-02-20T06:00:00","slug":"septuagenario-se-suicido-en-su-vivienda","status":"publish","type":"post","link":"https:\/\/plazajuarez.mx\/historico\/septuagenario-se-suicido-en-su-vivienda\/","title":{"rendered":"Septuagenario se suicid\u00f3 en su vivienda"},"content":{"rendered":"<p>LAS CAUSAS SE DESCONOCEN, NO DEJ\u00d3 RECADO P\u00d3STUMO<\/p>\n<p>  <!--more-->  <\/p>\n<p>\u00a0<\/p>\n<p>Una llamada telef\u00f3nica moviliz\u00f3 a elementos de la Polic\u00eda Municipal de Pachuca, que acudieron a tomar conocimiento sobre el deceso de un septuagenario al que encontraron colgado en el interior de su vivienda localizada en la colonia de San Antonio el Desmonte de esta capital minera.<\/p>\n<p>La tragedia tuvo lugar la tarde del mi\u00e9rcoles anterior, al filo de las 15:00 horas y de ello se alert\u00f3 al 066 de Emergencias, por lo que al lugar acudieron prontamente los elementos policiales, que corroboraron que se trat\u00f3 de un suicidio.<\/p>\n<p>El hecho ocurri\u00f3 en la vivienda localizada en la calle Francisco Noble 123 de la colonia antes descrita, donde una mujer que se identific\u00f3 como Sandra Mej\u00eda dio a conocer que lleg\u00f3 a la casa de su padre, pero que lo encontr\u00f3 colgado del cuello con un lazo que estaba atado a una viga del techo y aunque trat\u00f3 de ayudarlo, ya no pudo hacer nada porque ya hab\u00eda fallecido.<\/p>\n<p>Sin m\u00e1s alternativa dio aviso a las autoridades, a quienes relat\u00f3 desconocer los motivos que orillaron a su progenitor el atentar contra su vida, adem\u00e1s de que en la escena del suicidio no se localiz\u00f3 ning\u00fan recado p\u00f3stumo.<\/p>\n<p>Por el deceso de la v\u00edctima fue necesario dar aviso a la agencia del Ministerio P\u00fablico, cuyo titular se traslad\u00f3 al sitio indicado para dar fe de lo acontecido y dio inicio a la averiguaci\u00f3n previa correspondiente.<\/p>\n<p>Fue la propia Sandra Mej\u00eda quien se encarg\u00f3 de cubrir los tr\u00e1mites de identificaci\u00f3n del cad\u00e1ver de quien en vida respondi\u00f3 al nombre de Agust\u00edn Mej\u00eda \u00c1ngeles quien hasta antes de su deceso contaba con 71 a\u00f1os de edad y era originario de esta ciudad capital y vecino de la colonia de San Antonio el Desmonte.<\/p>\n<p>Al finalizar su labor el representante social orden\u00f3 el levantamiento y traslado del cad\u00e1ver al Servicio M\u00e9dico Forense, para la pr\u00e1ctica de la necropsia de rigor.<\/p>\n","protected":false},"excerpt":{"rendered":"<p>LAS CAUSAS SE DESCONOCEN, NO DEJ\u00d3 RECADO P\u00d3STUMO<\/p>\n","protected":false},"author":93,"featured_media":0,"comment_status":"open","ping_status":"open","sticky":false,"template":"","format":"standard","meta":{"footnotes":""},"categories":[37],"tags":[],"class_list":["post-1120","post","type-post","status-publish","format-standard","hentry","category-barandilla"],"_links":{"self":[{"href":"https:\/\/plazajuarez.mx\/historico\/wp-json\/wp\/v2\/posts\/1120","targetHints":{"allow":["GET"]}}],"collection":[{"href":"https:\/\/plazajuarez.mx\/historico\/wp-json\/wp\/v2\/posts"}],"about":[{"href":"https:\/\/plazajuarez.mx\/historico\/wp-json\/wp\/v2\/types\/post"}],"author":[{"embeddable":true,"href":"https:\/\/plazajuarez.mx\/historico\/wp-json\/wp\/v2\/users\/93"}],"replies":[{"embeddable":true,"href":"https:\/\/plazajuarez.mx\/historico\/wp-json\/wp\/v2\/comments?post=1120"}],"version-history":[{"count":0,"href":"https:\/\/plazajuarez.mx\/historico\/wp-json\/wp\/v2\/posts\/1120\/revisions"}],"wp:attachment":[{"href":"https:\/\/plazajuarez.mx\/historico\/wp-json\/wp\/v2\/media?parent=1120"}],"wp:term":[{"taxonomy":"category","embeddable":true,"href":"https:\/\/plazajuarez.mx\/historico\/wp-json\/wp\/v2\/categories?post=1120"},{"taxonomy":"post_tag","embeddable":true,"href":"https:\/\/plazajuarez.mx\/historico\/wp-json\/wp\/v2\/tags?post=1120"}],"curies":[{"name":"wp","href":"https:\/\/api.w.org\/{rel}","templated":true}]}}