{"id":111997,"date":"2020-05-27T06:00:00","date_gmt":"2020-05-27T11:00:00","guid":{"rendered":"https:\/\/plazajuarez.mx\/?p=111997"},"modified":"2020-05-27T09:32:41","modified_gmt":"2020-05-27T14:32:41","slug":"cine-de-hoy-56","status":"publish","type":"post","link":"https:\/\/plazajuarez.mx\/historico\/cine-de-hoy-56\/","title":{"rendered":"CINE DE HOY"},"content":{"rendered":"\n<p><strong>Abejas mexicanas<\/strong><\/p>\n\n\n\n<ul class=\"wp-block-list\"><li><strong>Hablamos de \u201c\u00bfQu\u00e9 pas\u00f3 con las abejas?\u201d de Adriana Otero Puerto, que se exhibi\u00f3 en el XV Festival ambulante en l\u00ednea<\/strong><\/li><\/ul>\n\n\n\n<!--more-->\n\n\n\n<p>A \u00faltimas fechas los documentalistas han vuelto los ojos a las abejas y su alarmante disminuci\u00f3n en casi todas partes del mundo. Sin ir m\u00e1s lejos la ganadora del Oscar al mejor documental fue \u201cHoneyland\u201d un interesante trabajo de Tamara Kotevska y Ljubomir Stefanov que segu\u00eda los pasos de Hatidze Muratova, una anciana macedonia que se dedica a la apicultura y que ve como su modus vivendi comienza a desaparecer a causa del hombre.<\/p>\n\n\n\n<p>Eso tambi\u00e9n ocurre en M\u00e9xico, como lo muestra el interesante documental \u201c\u00bfQu\u00e9 pas\u00f3 con las abejas?\u201d de Adriana Otero Puerto, que se exhibi\u00f3 en el XV Festival ambulante en l\u00ednea.<\/p>\n\n\n\n<p>La cineasta nacida en M\u00e9rida se dedic\u00f3 a entrevistar a diversos apicultores, que le revelaron las causas de esta alarmante disminuci\u00f3n de las abejas.<\/p>\n\n\n\n<p>Los menonitas de la zona se dedicaron al cultivo de la soya transg\u00e9nica para lo cu\u00e1l arrasaron grandes extensiones de bosques y vegetaci\u00f3n.<\/p>\n\n\n\n<p>No conforme con eso, fumigan los cultivos con mortales insecticidas que causan la muerte no solamente de los insectos, sino que son cancer\u00edgenos.<\/p>\n\n\n\n<p>Los ind\u00edgenas se reunieron y consiguieron numerosas firmas, con las que viajaron a la capital para exigir justicia a las autoridades.<\/p>\n\n\n\n<p>Y aunque el tribunal fall\u00f3 a su favor y orden\u00f3 que se detuviera el cultivo de soya mientras se efectuaba un refer\u00e9ndum, \u00e9ste se convirti\u00f3 en letra muerta, pues sigue la pr\u00e1ctica inmoral, pese a que Monsanto vendi\u00f3 sus acciones a otra compa\u00f1\u00eda.<\/p>\n\n\n\n<p>As\u00ed pues, las abejas mexicanas se hayan en peligro de extinci\u00f3n por la ambici\u00f3n de comerciantes sin escr\u00fapulos y la inoperancia de las autoridades nacionales.&nbsp;<\/p>\n","protected":false},"excerpt":{"rendered":"<p>Abejas mexicanas Hablamos de \u201c\u00bfQu\u00e9 pas\u00f3 con las abejas?\u201d de Adriana Otero Puerto, que se exhibi\u00f3 en el XV Festival ambulante en l\u00ednea<\/p>\n","protected":false},"author":96,"featured_media":0,"comment_status":"closed","ping_status":"open","sticky":false,"template":"","format":"standard","meta":{"footnotes":""},"categories":[54,42],"tags":[],"class_list":["post-111997","post","type-post","status-publish","format-standard","hentry","category-jorge-carrasco","category-nuestrapalabra"],"_links":{"self":[{"href":"https:\/\/plazajuarez.mx\/historico\/wp-json\/wp\/v2\/posts\/111997","targetHints":{"allow":["GET"]}}],"collection":[{"href":"https:\/\/plazajuarez.mx\/historico\/wp-json\/wp\/v2\/posts"}],"about":[{"href":"https:\/\/plazajuarez.mx\/historico\/wp-json\/wp\/v2\/types\/post"}],"author":[{"embeddable":true,"href":"https:\/\/plazajuarez.mx\/historico\/wp-json\/wp\/v2\/users\/96"}],"replies":[{"embeddable":true,"href":"https:\/\/plazajuarez.mx\/historico\/wp-json\/wp\/v2\/comments?post=111997"}],"version-history":[{"count":0,"href":"https:\/\/plazajuarez.mx\/historico\/wp-json\/wp\/v2\/posts\/111997\/revisions"}],"wp:attachment":[{"href":"https:\/\/plazajuarez.mx\/historico\/wp-json\/wp\/v2\/media?parent=111997"}],"wp:term":[{"taxonomy":"category","embeddable":true,"href":"https:\/\/plazajuarez.mx\/historico\/wp-json\/wp\/v2\/categories?post=111997"},{"taxonomy":"post_tag","embeddable":true,"href":"https:\/\/plazajuarez.mx\/historico\/wp-json\/wp\/v2\/tags?post=111997"}],"curies":[{"name":"wp","href":"https:\/\/api.w.org\/{rel}","templated":true}]}}