{"id":111607,"date":"2020-05-25T06:00:46","date_gmt":"2020-05-25T11:00:46","guid":{"rendered":"https:\/\/plazajuarez.mx\/?p=111607"},"modified":"2020-05-24T22:37:22","modified_gmt":"2020-05-25T03:37:22","slug":"la-gran-manzana-tiene-repunte-en-sus-fallecidos","status":"publish","type":"post","link":"https:\/\/plazajuarez.mx\/historico\/la-gran-manzana-tiene-repunte-en-sus-fallecidos\/","title":{"rendered":"\u201cLA GRAN MANZANA\u201d TIENE REPUNTE EN SUS FALLECIDOS"},"content":{"rendered":"\n<p>El estado de Nueva York tuvo un repunte en sus fallecidos con COVID-19 este domingo y registr\u00f3 109 en las \u00faltimas horas, 25 m\u00e1s que el d\u00eda anterior, pero sus autoridades apuntalaron con m\u00e1s actividades y espacios de recreaci\u00f3n permitidos la reapertura econ\u00f3mica, a la que pronto solo faltar\u00e1 por acceder la Gran Manzana.<\/p>\n\n\n\n<p>El gobernador Andrew Cuomo explic\u00f3 en su actualizaci\u00f3n diaria que ha habido un ligero repunte tanto en los nuevos casos como en los fallecidos a la vez que bajan las hospitalizaciones e intubaciones, por lo que consider\u00f3 que los indicadores de coronavirus siguen &#8220;en descenso&#8221; y mantuvo que el estado se encuentra &#8220;en fase de reapertura&#8221;.<\/p>\n","protected":false},"excerpt":{"rendered":"<p>El estado de Nueva York tuvo un repunte en sus fallecidos con COVID-19 este domingo y registr\u00f3 109 en las \u00faltimas horas, 25 m\u00e1s que el d\u00eda anterior, pero sus autoridades apuntalaron con m\u00e1s actividades y espacios de recreaci\u00f3n permitidos la reapertura econ\u00f3mica, a la que pronto solo faltar\u00e1 por acceder la Gran Manzana. El [&hellip;]<\/p>\n","protected":false},"author":80,"featured_media":0,"comment_status":"closed","ping_status":"open","sticky":false,"template":"","format":"standard","meta":{"footnotes":""},"categories":[31],"tags":[],"class_list":["post-111607","post","type-post","status-publish","format-standard","hentry","category-orbe"],"_links":{"self":[{"href":"https:\/\/plazajuarez.mx\/historico\/wp-json\/wp\/v2\/posts\/111607","targetHints":{"allow":["GET"]}}],"collection":[{"href":"https:\/\/plazajuarez.mx\/historico\/wp-json\/wp\/v2\/posts"}],"about":[{"href":"https:\/\/plazajuarez.mx\/historico\/wp-json\/wp\/v2\/types\/post"}],"author":[{"embeddable":true,"href":"https:\/\/plazajuarez.mx\/historico\/wp-json\/wp\/v2\/users\/80"}],"replies":[{"embeddable":true,"href":"https:\/\/plazajuarez.mx\/historico\/wp-json\/wp\/v2\/comments?post=111607"}],"version-history":[{"count":0,"href":"https:\/\/plazajuarez.mx\/historico\/wp-json\/wp\/v2\/posts\/111607\/revisions"}],"wp:attachment":[{"href":"https:\/\/plazajuarez.mx\/historico\/wp-json\/wp\/v2\/media?parent=111607"}],"wp:term":[{"taxonomy":"category","embeddable":true,"href":"https:\/\/plazajuarez.mx\/historico\/wp-json\/wp\/v2\/categories?post=111607"},{"taxonomy":"post_tag","embeddable":true,"href":"https:\/\/plazajuarez.mx\/historico\/wp-json\/wp\/v2\/tags?post=111607"}],"curies":[{"name":"wp","href":"https:\/\/api.w.org\/{rel}","templated":true}]}}