{"id":111497,"date":"2020-05-24T06:00:29","date_gmt":"2020-05-24T11:00:29","guid":{"rendered":"https:\/\/plazajuarez.mx\/?p=111497"},"modified":"2020-05-23T23:21:42","modified_gmt":"2020-05-24T04:21:42","slug":"muere-titular-de-educacion-por-covid-19-en-santiago-de-anaya","status":"publish","type":"post","link":"https:\/\/plazajuarez.mx\/historico\/muere-titular-de-educacion-por-covid-19-en-santiago-de-anaya\/","title":{"rendered":"Muere titular de educaci\u00f3n por Covid-19 en Santiago de Anaya"},"content":{"rendered":"\n<p><strong>Los funcionarios que tuvieron contacto con \u00e9l en los \u00faltimos d\u00edas, se han sometido las pruebas correspondientes.\u00a0<\/strong><\/p>\n\n\n\n<!--more-->\n\n\n\n<p>Funcionarios municipales de diferentes \u00e1reas de la Presidencia Municipal de Santiago de Anaya, se han sometido a pruebas del Covid-19, los resultados se esperan en unos d\u00edas.&nbsp;<\/p>\n\n\n\n<p>Todo esto, tras la muerte del titular de educaci\u00f3n, Abdiel Moreno, ocurrido esta semana dentro de su domicilio por probable Covid-19, los funcionarios que tuvieron contacto con \u00e9l en los \u00faltimos d\u00edas, se han sometido las pruebas correspondientes.&nbsp;<\/p>\n\n\n\n<p>Debido a los riesgos que esto representa, el alcalde, Jorge Aldana, inform\u00f3, que se dispuso de recursos para aplicar las pruebas al personal.&nbsp;<\/p>\n\n\n\n<p>Las pruebas se aplicaron en una cl\u00ednica particular y se espera que esta misma semana se informen los resultados.&nbsp;<\/p>\n\n\n\n<p>Explic\u00f3 el alcalde, que ning\u00fan funcionario presenta s\u00edntomas, incluidos los que ya se hicieron la prueba,&nbsp;<\/p>\n\n\n\n<p>De acuerdo a las autoridades del municipio, la esposa y el hijo del hoy fallecido, presentan tambi\u00e9n s\u00edntomas y ya reciben atenci\u00f3n m\u00e9dica.<\/p>\n\n\n\n<p>A pesar de que todos los municipios llevaron a cabo medidas para frenar los contagios, el Ayuntamiento de Santiago de Anaya, continu\u00f3 con sus labores ordinarias. Por ello, el ex titular de educaci\u00f3n se habr\u00eda contagiado durante sus labores.&nbsp;<\/p>\n","protected":false},"excerpt":{"rendered":"<p>Los funcionarios que tuvieron contacto con \u00e9l en los \u00faltimos d\u00edas, se han sometido las pruebas correspondientes.\u00a0<\/p>\n","protected":false},"author":75,"featured_media":0,"comment_status":"closed","ping_status":"open","sticky":false,"template":"","format":"standard","meta":{"footnotes":""},"categories":[40],"tags":[],"class_list":["post-111497","post","type-post","status-publish","format-standard","hentry","category-region"],"_links":{"self":[{"href":"https:\/\/plazajuarez.mx\/historico\/wp-json\/wp\/v2\/posts\/111497","targetHints":{"allow":["GET"]}}],"collection":[{"href":"https:\/\/plazajuarez.mx\/historico\/wp-json\/wp\/v2\/posts"}],"about":[{"href":"https:\/\/plazajuarez.mx\/historico\/wp-json\/wp\/v2\/types\/post"}],"author":[{"embeddable":true,"href":"https:\/\/plazajuarez.mx\/historico\/wp-json\/wp\/v2\/users\/75"}],"replies":[{"embeddable":true,"href":"https:\/\/plazajuarez.mx\/historico\/wp-json\/wp\/v2\/comments?post=111497"}],"version-history":[{"count":0,"href":"https:\/\/plazajuarez.mx\/historico\/wp-json\/wp\/v2\/posts\/111497\/revisions"}],"wp:attachment":[{"href":"https:\/\/plazajuarez.mx\/historico\/wp-json\/wp\/v2\/media?parent=111497"}],"wp:term":[{"taxonomy":"category","embeddable":true,"href":"https:\/\/plazajuarez.mx\/historico\/wp-json\/wp\/v2\/categories?post=111497"},{"taxonomy":"post_tag","embeddable":true,"href":"https:\/\/plazajuarez.mx\/historico\/wp-json\/wp\/v2\/tags?post=111497"}],"curies":[{"name":"wp","href":"https:\/\/api.w.org\/{rel}","templated":true}]}}