{"id":111487,"date":"2020-05-24T06:00:29","date_gmt":"2020-05-24T11:00:29","guid":{"rendered":"https:\/\/plazajuarez.mx\/?p=111487"},"modified":"2020-05-24T08:35:37","modified_gmt":"2020-05-24T13:35:37","slug":"america-y-cruz-azul-sin-entrenador-para-el-apertura-2020","status":"publish","type":"post","link":"https:\/\/plazajuarez.mx\/historico\/america-y-cruz-azul-sin-entrenador-para-el-apertura-2020\/","title":{"rendered":"Am\u00e9rica y Cruz Azul sin entrenador para el Apertura 2020"},"content":{"rendered":"\n<p><strong>Antes del brote del Covid-19 en M\u00e9xico, que llev\u00f3 a la cancelaci\u00f3n del certamen, Herrera asegur\u00f3 que se encontraba en pl\u00e1ticas para renovar su contrato<\/strong><\/p>\n\n\n\n<!--more-->\n\n\n\n<p>Miguel Herrera y Robert Dante Siboldi terminaron sus contratos con el fin del Clausura 2020.<br>Am\u00e9rica y Cruz Azul, respectivamente, no han confirmado las renovaciones de sus entrenadores, aunque p\u00fablicamente han manifestado sus intenciones de alargar los convenios.<br>Por el momento, \u00c1guilas y cementeros no tienen director t\u00e9cnico para el Apertura 2020.<br>Antes del brote del Covid-19 en M\u00e9xico, que llev\u00f3 a la cancelaci\u00f3n del certamen, Herrera asegur\u00f3 que se encontraba en pl\u00e1ticas para renovar su contrato como timonel azulcrema, pero que no ten\u00eda prisa porque hab\u00eda tiempo.<br>Siboldi, quien lleg\u00f3 para sustituir a Pedro Caixinha en septiembre pasado, firm\u00f3 como estratega celeste hasta el fin del Clausura 2020. Su Cruz Azul se encontraba en la cima de la tabla y con el goleador del torneo, Jonathan Rodr\u00edguez. Todo marchaba en orden para La M\u00e1quina, hasta que apareci\u00f3 el coronavirus.<br>Guillermo \u00c1lvarez y Jaime Ordiales, presidente y director deportivo del club, respectivamente, est\u00e1n muy contentos con la labor del uruguayo, sobre todo por lo mostrado en el segundo semestre de la temporada. El contacto por extender su convenio ya se hizo, s\u00f3lo falta ajustar detalles y hacerlo oficial.<br>Esta tarde, Ordiales y Siboldi realizar\u00e1n una conferencia de prensa virtual, en la cual comentar\u00edan el futuro del entrenador con la instituci\u00f3n, quien podr\u00eda quedarse otro par de temporadas en el banquillo cementero.<br>Mientras que Herrera, sin pensar m\u00e1s en el Clausura 2020, puede aprovechar este tiempo muerto para negociar con Santiago Ba\u00f1os, presidente azulcrema, su nuevo contrato como entrenador del Am\u00e9rica.<br>La cancelaci\u00f3n del torneo provocar\u00e1 conflictos econ\u00f3micos dentro del f\u00fatbol mexicano, que podr\u00edan provocar un impacto en las renovaciones.<\/p>\n","protected":false},"excerpt":{"rendered":"<p>Antes del brote del Covid-19 en M\u00e9xico, que llev\u00f3 a la cancelaci\u00f3n del certamen, Herrera asegur\u00f3 que se encontraba en pl\u00e1ticas para renovar su contrato<\/p>\n","protected":false},"author":81,"featured_media":0,"comment_status":"closed","ping_status":"open","sticky":false,"template":"","format":"standard","meta":{"footnotes":""},"categories":[39],"tags":[],"class_list":["post-111487","post","type-post","status-publish","format-standard","hentry","category-deportiva"],"_links":{"self":[{"href":"https:\/\/plazajuarez.mx\/historico\/wp-json\/wp\/v2\/posts\/111487","targetHints":{"allow":["GET"]}}],"collection":[{"href":"https:\/\/plazajuarez.mx\/historico\/wp-json\/wp\/v2\/posts"}],"about":[{"href":"https:\/\/plazajuarez.mx\/historico\/wp-json\/wp\/v2\/types\/post"}],"author":[{"embeddable":true,"href":"https:\/\/plazajuarez.mx\/historico\/wp-json\/wp\/v2\/users\/81"}],"replies":[{"embeddable":true,"href":"https:\/\/plazajuarez.mx\/historico\/wp-json\/wp\/v2\/comments?post=111487"}],"version-history":[{"count":0,"href":"https:\/\/plazajuarez.mx\/historico\/wp-json\/wp\/v2\/posts\/111487\/revisions"}],"wp:attachment":[{"href":"https:\/\/plazajuarez.mx\/historico\/wp-json\/wp\/v2\/media?parent=111487"}],"wp:term":[{"taxonomy":"category","embeddable":true,"href":"https:\/\/plazajuarez.mx\/historico\/wp-json\/wp\/v2\/categories?post=111487"},{"taxonomy":"post_tag","embeddable":true,"href":"https:\/\/plazajuarez.mx\/historico\/wp-json\/wp\/v2\/tags?post=111487"}],"curies":[{"name":"wp","href":"https:\/\/api.w.org\/{rel}","templated":true}]}}