{"id":111353,"date":"2020-05-23T06:00:00","date_gmt":"2020-05-23T11:00:00","guid":{"rendered":"https:\/\/plazajuarez.mx\/?p=111353"},"modified":"2020-05-22T23:54:55","modified_gmt":"2020-05-23T04:54:55","slug":"fallecio-jerry-sloan-historico-entrenador-de-los-jazz","status":"publish","type":"post","link":"https:\/\/plazajuarez.mx\/historico\/fallecio-jerry-sloan-historico-entrenador-de-los-jazz\/","title":{"rendered":"Falleci\u00f3 Jerry Sloan, hist\u00f3rico entrenador de los Jazz"},"content":{"rendered":"\n<p><strong>Tras una vida dedicada al baloncesto, Sloan tom\u00f3 las riendas de los Jazz en 1988<\/strong><\/p>\n\n\n\n<!--more-->\n\n\n\n<p>Jerry Sloan, ex entrenador de los Utah Jazz de John Stockton y Karl Malone que llegaron dos veces a la final de la NBA, falleci\u00f3 este viernes a los 78 a\u00f1os debido a \u201ccomplicaciones\u201d en dos enfermedades que padec\u00eda, Parkinson y demencia.<\/p>\n\n\n\n<p>As\u00ed lo comunic\u00f3 la franquicia en un comunicado en el que agradeci\u00f3 el impacto que tuvo durante las 23 temporadas que dirigi\u00f3 al equipo: \u201cFormar\u00e1 parte siempre de la organizaci\u00f3n de Utah Jazz y nos unimos a su familia, amigos y aficionados en el luto por su p\u00e9rdida. Estamos muy agradecidos del tiempo que pas\u00f3 en Utah y sus d\u00e9cadas de dedicaci\u00f3n, lealtad y tenacidad construyeron nuestra franquicia\u201d.<\/p>\n\n\n\n<p>Tras una vida dedicada al baloncesto, tanto de jugador como de entrenador, Sloan cogi\u00f3 las riendas de los Jazz en 1988 y lider\u00f3 su \u00e9poca m\u00e1s exitosa en la que llegaron a dos finales de la NBA de forma consecutiva, pero en las que cayeron frente a los Chicago Bulls de Michael Jordan.<\/p>\n\n\n\n<p>El ex entrenador sum\u00f3 1.221 victorias en sus 23 a\u00f1os como t\u00e9cnico, retir\u00e1ndose como el tercero con m\u00e1s triunfos de la historia de la Liga, y fue introducido en el \u2018Sal\u00f3n de la Fama\u2019 de la NBA en 2009.&nbsp;<\/p>\n","protected":false},"excerpt":{"rendered":"<p>Tras una vida dedicada al baloncesto, Sloan tom\u00f3 las riendas de los Jazz en 1988<\/p>\n","protected":false},"author":80,"featured_media":0,"comment_status":"closed","ping_status":"open","sticky":false,"template":"","format":"standard","meta":{"footnotes":""},"categories":[39],"tags":[],"class_list":["post-111353","post","type-post","status-publish","format-standard","hentry","category-deportiva"],"_links":{"self":[{"href":"https:\/\/plazajuarez.mx\/historico\/wp-json\/wp\/v2\/posts\/111353","targetHints":{"allow":["GET"]}}],"collection":[{"href":"https:\/\/plazajuarez.mx\/historico\/wp-json\/wp\/v2\/posts"}],"about":[{"href":"https:\/\/plazajuarez.mx\/historico\/wp-json\/wp\/v2\/types\/post"}],"author":[{"embeddable":true,"href":"https:\/\/plazajuarez.mx\/historico\/wp-json\/wp\/v2\/users\/80"}],"replies":[{"embeddable":true,"href":"https:\/\/plazajuarez.mx\/historico\/wp-json\/wp\/v2\/comments?post=111353"}],"version-history":[{"count":0,"href":"https:\/\/plazajuarez.mx\/historico\/wp-json\/wp\/v2\/posts\/111353\/revisions"}],"wp:attachment":[{"href":"https:\/\/plazajuarez.mx\/historico\/wp-json\/wp\/v2\/media?parent=111353"}],"wp:term":[{"taxonomy":"category","embeddable":true,"href":"https:\/\/plazajuarez.mx\/historico\/wp-json\/wp\/v2\/categories?post=111353"},{"taxonomy":"post_tag","embeddable":true,"href":"https:\/\/plazajuarez.mx\/historico\/wp-json\/wp\/v2\/tags?post=111353"}],"curies":[{"name":"wp","href":"https:\/\/api.w.org\/{rel}","templated":true}]}}