{"id":111352,"date":"2020-05-23T06:00:00","date_gmt":"2020-05-23T11:00:00","guid":{"rendered":"https:\/\/plazajuarez.mx\/?p=111352"},"modified":"2020-05-22T23:55:06","modified_gmt":"2020-05-23T04:55:06","slug":"chivas-respalda-la-cancelacion-de-la-liga-mx","status":"publish","type":"post","link":"https:\/\/plazajuarez.mx\/historico\/chivas-respalda-la-cancelacion-de-la-liga-mx\/","title":{"rendered":"CHIVAS RESPALDA LA CANCELACI\u00d3N DE LA LIGA MX"},"content":{"rendered":"\n<p><strong>Comenzar\u00e1n a trabajar en la planificaci\u00f3n del Apertura 2020<\/strong><\/p>\n\n\n\n<!--more-->\n\n\n\n<p>La batalla por mantener con vida el Clausura 2020 lleg\u00f3 a su fin y la cancelaci\u00f3n del torneo se concret\u00f3 este viernes. Guadalajara, uno de los clubes que buscaban regresar a la actividad para disputar las fechas restantes acatar\u00e1n las medidas tomadas por la Liga MX.<\/p>\n\n\n\n<p>En un comunicado, la instituci\u00f3n rojiblanca respald\u00f3 la decisi\u00f3n de cancelar el torneo, entendiendo los puntos que se manifestaron en conjunto con los otros clubes.<\/p>\n\n\n\n<p>&#8220;El Club Deportivo Guadalajara manifiesta su solidaridad y apoyo absoluto a la decisi\u00f3n que ha tomado la Liga MX sobre la cancelaci\u00f3n del Torneo de Clausura 2020 en ambas ramas (varonil y femenil). Se analizaron todos los escenarios posibles, y con base en argumentos s\u00f3lidos y sensatos, estamos convencidos de que esta opci\u00f3n es la m\u00e1s adecuada para brindar certidumbre y seguridad a todos los integrantes de nuestro f\u00fatbol&#8221;.<\/p>\n\n\n\n<p>Ahora, todas las \u00e1reas del Guadalajara comenzar\u00e1n a trabajar en la planificaci\u00f3n del Apertura 2020, donde buscar\u00e1n mantener la misma inercia con la cual dejaron el ya cancelado torneo.<\/p>\n","protected":false},"excerpt":{"rendered":"<p>Comenzar\u00e1n a trabajar en la planificaci\u00f3n del Apertura 2020<\/p>\n","protected":false},"author":81,"featured_media":0,"comment_status":"closed","ping_status":"open","sticky":false,"template":"","format":"standard","meta":{"footnotes":""},"categories":[39],"tags":[],"class_list":["post-111352","post","type-post","status-publish","format-standard","hentry","category-deportiva"],"_links":{"self":[{"href":"https:\/\/plazajuarez.mx\/historico\/wp-json\/wp\/v2\/posts\/111352","targetHints":{"allow":["GET"]}}],"collection":[{"href":"https:\/\/plazajuarez.mx\/historico\/wp-json\/wp\/v2\/posts"}],"about":[{"href":"https:\/\/plazajuarez.mx\/historico\/wp-json\/wp\/v2\/types\/post"}],"author":[{"embeddable":true,"href":"https:\/\/plazajuarez.mx\/historico\/wp-json\/wp\/v2\/users\/81"}],"replies":[{"embeddable":true,"href":"https:\/\/plazajuarez.mx\/historico\/wp-json\/wp\/v2\/comments?post=111352"}],"version-history":[{"count":0,"href":"https:\/\/plazajuarez.mx\/historico\/wp-json\/wp\/v2\/posts\/111352\/revisions"}],"wp:attachment":[{"href":"https:\/\/plazajuarez.mx\/historico\/wp-json\/wp\/v2\/media?parent=111352"}],"wp:term":[{"taxonomy":"category","embeddable":true,"href":"https:\/\/plazajuarez.mx\/historico\/wp-json\/wp\/v2\/categories?post=111352"},{"taxonomy":"post_tag","embeddable":true,"href":"https:\/\/plazajuarez.mx\/historico\/wp-json\/wp\/v2\/tags?post=111352"}],"curies":[{"name":"wp","href":"https:\/\/api.w.org\/{rel}","templated":true}]}}