{"id":111351,"date":"2020-05-23T06:00:00","date_gmt":"2020-05-23T11:00:00","guid":{"rendered":"https:\/\/plazajuarez.mx\/?p=111351"},"modified":"2020-05-22T23:56:25","modified_gmt":"2020-05-23T04:56:25","slug":"hasta-nunca-clausura-2020","status":"publish","type":"post","link":"https:\/\/plazajuarez.mx\/historico\/hasta-nunca-clausura-2020\/","title":{"rendered":"\u00a1Hasta nunca Clausura 2020!"},"content":{"rendered":"\n<p><strong>Los due\u00f1os determinaron que no se declarar\u00e1 a ning\u00fan equipo campe\u00f3n del torneo, aunque Cruz Azul y Le\u00f3n\u00a0 jugar\u00e1n la Liga de Campeones de la Concacaf del 2021.<\/strong><\/p>\n\n\n\n<!--more-->\n\n\n\n<p>La Liga Mx anunci\u00f3 la cancelaci\u00f3n de los torneos Clausura 2020 del f\u00fatbol mexicano, masculino y femenino, luego de que una Asamblea extraordinaria determin\u00f3 que no existen condiciones para terminarlo por la COVID-19.<\/p>\n\n\n\n<p>&#8220;El tiempo de la contingencia que vivimos ha provocado restricciones cada vez mayores de calendarizaci\u00f3n, que no nos permiten mantener la competencia sin poner en riesgo a los integrantes de esta gran familia&#8221;, explic\u00f3 una nota de la instituci\u00f3n.<\/p>\n\n\n\n<p>Los due\u00f1os del f\u00fatbol mexicano determinaron que no se declarar\u00e1 a ning\u00fan equipo campe\u00f3n del torneo, aunque Cruz Azul y Le\u00f3n, ocupantes de los dos primeros lugares en ese orden jugar\u00e1n la Liga de Campeones de la Concacaf del 2021.<\/p>\n\n\n\n<p>La Asamblea redact\u00f3 un documento en el que record\u00f3 que en las \u00faltimas semanas los jerarcas del f\u00fatbol mantuvieron reuniones de trabajo y pl\u00e1ticas con las autoridades de salud del Gobierno Federal con la idea de reanudar el Clausura con absoluta responsabilidad, sin poner en riesgo a ning\u00fan miembro de la familia del f\u00fatbol, lo cual no fue posible.<\/p>\n\n\n\n<p>Seg\u00fan inform\u00f3, la Liga entregar\u00e1 a los clubes un protocolo sanitario supervisado por autoridades de salud, que deber\u00e1 cumplirse para que los equipos puedan regresar a entrenar a sus instalaciones deportivas y en la primera semana del mes de junio quedar\u00e1 definida la fecha de regreso a las pr\u00e1cticas.<\/p>\n\n\n\n<p>La Liga definir\u00e1 la fecha de inicio del Apertura 2020 con base en las recomendaciones del Sector Salud Federal; el campeonato se jugar\u00e1n a puertas cerradas hasta que est\u00e9n dadas las condiciones para que la afici\u00f3n vuelva a las tribunas.<\/p>\n\n\n\n<p>&#8220;Es indiscutible que vivimos una situaci\u00f3n in\u00e9dita en nuestro pa\u00eds, que obliga a la industria del f\u00fatbol en M\u00e9xico a actuar con absoluta sensatez&#8221;, agreg\u00f3 la nota.<\/p>\n","protected":false},"excerpt":{"rendered":"<p>Los due\u00f1os determinaron que no se declarar\u00e1 a ning\u00fan equipo campe\u00f3n del torneo, aunque Cruz Azul y Le\u00f3n\u00a0 jugar\u00e1n la Liga de Campeones de la Concacaf del 2021.<\/p>\n","protected":false},"author":80,"featured_media":0,"comment_status":"closed","ping_status":"open","sticky":false,"template":"","format":"standard","meta":{"footnotes":""},"categories":[39],"tags":[],"class_list":["post-111351","post","type-post","status-publish","format-standard","hentry","category-deportiva"],"_links":{"self":[{"href":"https:\/\/plazajuarez.mx\/historico\/wp-json\/wp\/v2\/posts\/111351","targetHints":{"allow":["GET"]}}],"collection":[{"href":"https:\/\/plazajuarez.mx\/historico\/wp-json\/wp\/v2\/posts"}],"about":[{"href":"https:\/\/plazajuarez.mx\/historico\/wp-json\/wp\/v2\/types\/post"}],"author":[{"embeddable":true,"href":"https:\/\/plazajuarez.mx\/historico\/wp-json\/wp\/v2\/users\/80"}],"replies":[{"embeddable":true,"href":"https:\/\/plazajuarez.mx\/historico\/wp-json\/wp\/v2\/comments?post=111351"}],"version-history":[{"count":0,"href":"https:\/\/plazajuarez.mx\/historico\/wp-json\/wp\/v2\/posts\/111351\/revisions"}],"wp:attachment":[{"href":"https:\/\/plazajuarez.mx\/historico\/wp-json\/wp\/v2\/media?parent=111351"}],"wp:term":[{"taxonomy":"category","embeddable":true,"href":"https:\/\/plazajuarez.mx\/historico\/wp-json\/wp\/v2\/categories?post=111351"},{"taxonomy":"post_tag","embeddable":true,"href":"https:\/\/plazajuarez.mx\/historico\/wp-json\/wp\/v2\/tags?post=111351"}],"curies":[{"name":"wp","href":"https:\/\/api.w.org\/{rel}","templated":true}]}}