{"id":111344,"date":"2020-05-23T06:00:00","date_gmt":"2020-05-23T11:00:00","guid":{"rendered":"https:\/\/plazajuarez.mx\/?p=111344"},"modified":"2020-05-23T00:23:01","modified_gmt":"2020-05-23T05:23:01","slug":"llegan-a-mexico-80-ventiladores-de-shanghai","status":"publish","type":"post","link":"https:\/\/plazajuarez.mx\/historico\/llegan-a-mexico-80-ventiladores-de-shanghai\/","title":{"rendered":"Llegan a M\u00e9xico 80 ventiladores de Shangh\u00e1i"},"content":{"rendered":"\n<p><strong>Marcelo Ebrard, inform\u00f3 que hoy llegar\u00e1 otro vuelo del puente a\u00e9reo establecido con China<\/strong><\/p>\n\n\n\n<!--more-->\n\n\n\n<p>La noche de ayer arrib\u00f3 a M\u00e9xico el cargamento a\u00e9reo n\u00famero 12 procedente de Shangh\u00e1i, China, con m\u00e1s insumos y equipo m\u00e9dico para enfrentar la pandemia de Covid-19, que est\u00e1 en la etapa m\u00e1s cr\u00edtica en el pa\u00eds. Un avi\u00f3n de una aerol\u00ednea comercial traslad\u00f3 80 ventiladores para terapia intensiva y 3 millones de mascarillas quir\u00fargicas, adquiridos por el Instituto de Salud para el Bienestar (Insabi) para complementar los esfuerzos para frenar al coronavirus, que ha dejado m\u00e1s de 6 mil muertes.<\/p>\n\n\n\n<p>El secretario de Relaciones Exteriores (SRE), Marcelo Ebrard, inform\u00f3 que hoy llegar\u00e1 otro vuelo del puente a\u00e9reo establecido con China. Tambi\u00e9n la Canciller\u00eda inform\u00f3 que se recibieron 261 ventiladores mediante el puente a\u00e9reo Ciudad de M\u00e9xico-Nevada como parte de esta estrategia del gobierno federal ante la pandemia.<\/p>\n","protected":false},"excerpt":{"rendered":"<p>Marcelo Ebrard, inform\u00f3 que hoy llegar\u00e1 otro vuelo del puente a\u00e9reo establecido con China<\/p>\n","protected":false},"author":81,"featured_media":0,"comment_status":"closed","ping_status":"open","sticky":false,"template":"","format":"standard","meta":{"footnotes":""},"categories":[36],"tags":[],"class_list":["post-111344","post","type-post","status-publish","format-standard","hentry","category-nacion"],"_links":{"self":[{"href":"https:\/\/plazajuarez.mx\/historico\/wp-json\/wp\/v2\/posts\/111344","targetHints":{"allow":["GET"]}}],"collection":[{"href":"https:\/\/plazajuarez.mx\/historico\/wp-json\/wp\/v2\/posts"}],"about":[{"href":"https:\/\/plazajuarez.mx\/historico\/wp-json\/wp\/v2\/types\/post"}],"author":[{"embeddable":true,"href":"https:\/\/plazajuarez.mx\/historico\/wp-json\/wp\/v2\/users\/81"}],"replies":[{"embeddable":true,"href":"https:\/\/plazajuarez.mx\/historico\/wp-json\/wp\/v2\/comments?post=111344"}],"version-history":[{"count":0,"href":"https:\/\/plazajuarez.mx\/historico\/wp-json\/wp\/v2\/posts\/111344\/revisions"}],"wp:attachment":[{"href":"https:\/\/plazajuarez.mx\/historico\/wp-json\/wp\/v2\/media?parent=111344"}],"wp:term":[{"taxonomy":"category","embeddable":true,"href":"https:\/\/plazajuarez.mx\/historico\/wp-json\/wp\/v2\/categories?post=111344"},{"taxonomy":"post_tag","embeddable":true,"href":"https:\/\/plazajuarez.mx\/historico\/wp-json\/wp\/v2\/tags?post=111344"}],"curies":[{"name":"wp","href":"https:\/\/api.w.org\/{rel}","templated":true}]}}