{"id":111097,"date":"2020-05-21T12:56:00","date_gmt":"2020-05-21T17:56:00","guid":{"rendered":"https:\/\/plazajuarez.mx\/?p=111097"},"modified":"2020-05-21T12:59:45","modified_gmt":"2020-05-21T17:59:45","slug":"lopez-obrador-busca-crear-un-sistema-alternativo-al-pib-para-medir-desarrollo","status":"publish","type":"post","link":"https:\/\/plazajuarez.mx\/historico\/lopez-obrador-busca-crear-un-sistema-alternativo-al-pib-para-medir-desarrollo\/","title":{"rendered":"L\u00f3pez Obrador busca crear un sistema alternativo al PIB para medir desarrollo"},"content":{"rendered":"\n<p><strong>&#8220;Estoy ahora trabajando sobre un \u00edndice para medir bienestar. Un \u00edndice alternativo al llamado Producto Interno Bruto. Lo voy a presentar. Un nuevo par\u00e1metro que va a medir, s\u00ed, crecimiento, pero tambi\u00e9n bienestar&#8221;, dijo AMLO. <\/strong><\/p>\n\n\n\n<!--more-->\n\n\n\n<p>El presidente de M\u00e9xico, Andr\u00e9s Manuel L\u00f3pez Obrador, anunci\u00f3 este jueves que trabaja en un &#8220;nuevo&#8221; \u00edndice para medir &#8220;el bienestar&#8221; que sustituya al Producto Interno Bruto (PIB) como referencia.<\/p>\n\n\n\n<p><br>&#8220;Estoy ahora trabajando sobre un \u00edndice para medir bienestar. Un \u00edndice alternativo al llamado Producto Interno Bruto. Lo voy a presentar. Un nuevo par\u00e1metro que va a medir, s\u00ed, crecimiento, pero tambi\u00e9n bienestar&#8221;, revel\u00f3 el presidente en su conferencia diaria desde Palacio Nacional.<\/p>\n\n\n\n<p><br>La llegada de la &#8220;nueva normalidad&#8221; es un buen momento para el inicio de este medidor, defendi\u00f3 L\u00f3pez Obrador, quien record\u00f3 que el &#8220;progreso sin justicia es retroceso&#8221;.<\/p>\n\n\n\n<p><br>&#8220;Tiene que haber crecimiento con honestidad, crecimiento con austeridad, crecimiento con bienestar, crecimiento con cultura, crecimiento con felicidad&#8221;, argument\u00f3 el mandatario.<br>Durante 2019, el primer a\u00f1o completo de su administraci\u00f3n, la econom\u00eda mexicana se contrajo un 0,1 %, y este a\u00f1o la mayor\u00eda de pron\u00f3sticos estiman ca\u00eddas del PIB superiores al 6 % debido a la pandemia del coronavirus SARS-CoV-2.<\/p>\n\n\n\n<p><br>L\u00f3pez Obrador se comprometi\u00f3 en la campa\u00f1a electoral a mantener un crecimiento anual en promedio del 4 % durante los seis a\u00f1os de su mandato, aunque ha ido cambiando poco a poco el discurso centr\u00e1ndose en su apuesta por la redistribuci\u00f3n de riqueza y el bienestar.<\/p>\n\n\n\n<p><br>&#8220;Lo que importaba era el Producto Interno Bruto (PIB), el crecimiento a secas, a rajatabla. Aunque se enfermara la gente, aunque se destruyera el territorio, aunque se afectara el medio ambiente&#8221;, argument\u00f3.<\/p>\n\n\n\n<p><br>Este nuevo \u00edndice calcular\u00e1 tambi\u00e9n &#8220;la felicidad del pueblo&#8221; y &#8220;no les va a gustar a los tecn\u00f3cratas&#8221;, advirti\u00f3 el mandatario, quien dijo que eso es una buena se\u00f1al.<\/p>\n\n\n\n<p><br>Para la creaci\u00f3n del medidor de desarrollo, L\u00f3pez Obrador convocar\u00e1 &#8220;a econometristas, a matem\u00e1ticos, a economistas, a soci\u00f3logos, antrop\u00f3logos, a psic\u00f3logos, a especialistas&#8221;.<\/p>\n\n\n\n<p><br>&#8220;Yo voy a hacer el planteamiento, como se dice, el modelo de investigaci\u00f3n, el planteamiento del problema. Voy a plantear la hip\u00f3tesis y vamos a desarrollar algo nuevo, un aporte interesante&#8221;, precis\u00f3.<\/p>\n\n\n\n<p><br>El presidente de M\u00e9xico se mostr\u00f3 confiado en su iniciativa e incluso lanz\u00f3 la idea de que el modelo que pretende crear contribuya &#8220;para tener otros par\u00e1metros en el mundo&#8221;.<\/p>\n","protected":false},"excerpt":{"rendered":"<p>&#8220;Estoy ahora trabajando sobre un \u00edndice para medir bienestar. Un \u00edndice alternativo al llamado Producto Interno Bruto. Lo voy a presentar. Un nuevo par\u00e1metro que va a medir, s\u00ed, crecimiento, pero tambi\u00e9n bienestar&#8221;, dijo AMLO.<\/p>\n","protected":false},"author":80,"featured_media":0,"comment_status":"closed","ping_status":"open","sticky":false,"template":"","format":"standard","meta":{"footnotes":""},"categories":[15,36],"tags":[],"class_list":["post-111097","post","type-post","status-publish","format-standard","hentry","category-destacadas","category-nacion"],"_links":{"self":[{"href":"https:\/\/plazajuarez.mx\/historico\/wp-json\/wp\/v2\/posts\/111097","targetHints":{"allow":["GET"]}}],"collection":[{"href":"https:\/\/plazajuarez.mx\/historico\/wp-json\/wp\/v2\/posts"}],"about":[{"href":"https:\/\/plazajuarez.mx\/historico\/wp-json\/wp\/v2\/types\/post"}],"author":[{"embeddable":true,"href":"https:\/\/plazajuarez.mx\/historico\/wp-json\/wp\/v2\/users\/80"}],"replies":[{"embeddable":true,"href":"https:\/\/plazajuarez.mx\/historico\/wp-json\/wp\/v2\/comments?post=111097"}],"version-history":[{"count":0,"href":"https:\/\/plazajuarez.mx\/historico\/wp-json\/wp\/v2\/posts\/111097\/revisions"}],"wp:attachment":[{"href":"https:\/\/plazajuarez.mx\/historico\/wp-json\/wp\/v2\/media?parent=111097"}],"wp:term":[{"taxonomy":"category","embeddable":true,"href":"https:\/\/plazajuarez.mx\/historico\/wp-json\/wp\/v2\/categories?post=111097"},{"taxonomy":"post_tag","embeddable":true,"href":"https:\/\/plazajuarez.mx\/historico\/wp-json\/wp\/v2\/tags?post=111097"}],"curies":[{"name":"wp","href":"https:\/\/api.w.org\/{rel}","templated":true}]}}