{"id":111094,"date":"2020-05-21T11:39:00","date_gmt":"2020-05-21T16:39:00","guid":{"rendered":"https:\/\/plazajuarez.mx\/?p=111094"},"modified":"2020-05-21T11:39:56","modified_gmt":"2020-05-21T16:39:56","slug":"que-puentes-quedan-del-2020","status":"publish","type":"post","link":"https:\/\/plazajuarez.mx\/historico\/que-puentes-quedan-del-2020\/","title":{"rendered":"\u00bfQu\u00e9 &#8220;puentes&#8221; quedan del 2020?"},"content":{"rendered":"\n<p>El presidente Andr\u00e9s Manuel L\u00f3pez Obrador autoriz\u00f3 ayer mantener los fines de semana largos para detonar el turismo interno, inform\u00f3 Miguel Torruco, titular de la Secretar\u00eda de Turismo (Sectur).<\/p>\n\n\n\n<p><br>&#8220;Quisiera dar una buena noticia, que hoy en la tarde que habl\u00e9 con el Presidente me autoriz\u00f3 dar a conocer que, para detonar el turismo interno, que es fundamental, van a permanecer los fines de semana largos&#8221;, expuso al participar en la conferencia del subsecretario de Salud, Hugo L\u00f3pez-Gatell, sobre la evoluci\u00f3n del Covid-19 en M\u00e9xico.<\/p>\n\n\n\n<p><br>Desde Palacio Nacional, Torruco explic\u00f3 que los fines de semana largos aumentan la ocupaci\u00f3n hotelera en m\u00e1s de 7 puntos porcentuales, adem\u00e1s de que hay m\u00e1s de 2 millones de turistas alojados en hoteles y detonan el aparato productivo.<\/p>\n\n\n\n<p><br>Adem\u00e1s, 5 millones de turistas adicionales viajan a lo largo y ancho del pa\u00eds, sobre todo en los 121 Pueblos M\u00e1gicos, con una derrama de 38 mil 400 millones de pesos.<\/p>\n\n\n\n<p><br>A pesar de que el calendario escolar sufrir\u00e1 grandes cambios debido a la pandemia, la Ley Federal del Trabajo indica que a\u00fan quedan tres d\u00edas de asueto oficiales en el 2020.<\/p>\n\n\n\n<p><br>El art\u00edculo 74 de esa ley dice que &#8220;el d\u00eda festivo, o d\u00eda feriado, es aquel que no es d\u00eda laborable y se considera como descanso obligatorio&#8221;, de los cuales a\u00fan quedan los siguientes en el a\u00f1o:<\/p>\n\n\n\n<ul class=\"wp-block-list\"><li> El 16 de septiembre, d\u00eda del inicio de la Independencia, es oficial y caer\u00e1 en mi\u00e9rcoles para los trabajadores.<br><\/li><li>Tambi\u00e9n es festivo el tercer lunes de noviembre en conmemoraci\u00f3n del 20 de noviembre. <br> <\/li><li>El \u00faltimo fin de semana largo del a\u00f1o ser\u00e1 el del 25 de diciembre, que caer\u00e1 en viernes, durante las fiestas navide\u00f1as.<\/li><\/ul>\n","protected":false},"excerpt":{"rendered":"<p>El presidente Andr\u00e9s Manuel L\u00f3pez Obrador autoriz\u00f3 ayer mantener los fines de semana largos para detonar el turismo interno, inform\u00f3 Miguel Torruco, titular de la Secretar\u00eda de Turismo (Sectur). &#8220;Quisiera dar una buena noticia, que hoy en la tarde que habl\u00e9 con el Presidente me autoriz\u00f3 dar a conocer que, para detonar el turismo interno, [&hellip;]<\/p>\n","protected":false},"author":81,"featured_media":0,"comment_status":"closed","ping_status":"open","sticky":false,"template":"","format":"standard","meta":{"footnotes":""},"categories":[36],"tags":[],"class_list":["post-111094","post","type-post","status-publish","format-standard","hentry","category-nacion"],"_links":{"self":[{"href":"https:\/\/plazajuarez.mx\/historico\/wp-json\/wp\/v2\/posts\/111094","targetHints":{"allow":["GET"]}}],"collection":[{"href":"https:\/\/plazajuarez.mx\/historico\/wp-json\/wp\/v2\/posts"}],"about":[{"href":"https:\/\/plazajuarez.mx\/historico\/wp-json\/wp\/v2\/types\/post"}],"author":[{"embeddable":true,"href":"https:\/\/plazajuarez.mx\/historico\/wp-json\/wp\/v2\/users\/81"}],"replies":[{"embeddable":true,"href":"https:\/\/plazajuarez.mx\/historico\/wp-json\/wp\/v2\/comments?post=111094"}],"version-history":[{"count":0,"href":"https:\/\/plazajuarez.mx\/historico\/wp-json\/wp\/v2\/posts\/111094\/revisions"}],"wp:attachment":[{"href":"https:\/\/plazajuarez.mx\/historico\/wp-json\/wp\/v2\/media?parent=111094"}],"wp:term":[{"taxonomy":"category","embeddable":true,"href":"https:\/\/plazajuarez.mx\/historico\/wp-json\/wp\/v2\/categories?post=111094"},{"taxonomy":"post_tag","embeddable":true,"href":"https:\/\/plazajuarez.mx\/historico\/wp-json\/wp\/v2\/tags?post=111094"}],"curies":[{"name":"wp","href":"https:\/\/api.w.org\/{rel}","templated":true}]}}