{"id":111088,"date":"2020-05-21T08:54:57","date_gmt":"2020-05-21T13:54:57","guid":{"rendered":"https:\/\/plazajuarez.mx\/?p=111088"},"modified":"2020-05-21T08:56:57","modified_gmt":"2020-05-21T13:56:57","slug":"mexico-mantiene-fines-de-semana-largos-para-reactivar-turismo-tras-pandemia","status":"publish","type":"post","link":"https:\/\/plazajuarez.mx\/historico\/mexico-mantiene-fines-de-semana-largos-para-reactivar-turismo-tras-pandemia\/","title":{"rendered":"M\u00e9xico mantiene fines de semana largos para reactivar turismo tras pandemia"},"content":{"rendered":"\n<p>M\u00e9xico mantendr\u00e1 los fines de semana largos como una de las medidas de reactivaci\u00f3n del sector tur\u00edstico tras la pandemia del COVID-19, inform\u00f3 este mi\u00e9rcoles el titular de la Secretar\u00eda de Turismo, Miguel Torruco.<\/p>\n\n\n\n<p><br>El funcionario dijo que la medida la autoriz\u00f3 el presidente Andr\u00e9s Manuel L\u00f3pez Obrador, quien a inicios de febrero propuso este recuperar los d\u00edas festivos de las fechas hist\u00f3ricas y eliminar cuatro fines de semana largos del calendario, que ten\u00edan descansos obligados en lunes con el fin de promover el turismo.<\/p>\n\n\n\n<p><br>&#8220;Habl\u00e9 con el presidente, me autoriz\u00f3 dar a conocer que para detonar el turismo interno van a permanecer los fines de semana largos&#8221;, dijo Torruco en conferencia de prensa junto con el subsecretario de Prevenci\u00f3n y Promoci\u00f3n de la Salud de M\u00e9xico, Hugo L\u00f3pez-Gatell.<\/p>\n\n\n\n<p><br>El funcionario apunt\u00f3 que estos fines de semana, unos cuatro al a\u00f1o, generan un incremento en la ocupaci\u00f3n hotelera de 7 u 8 puntos y dejan una ganancia al sector de 38.000 millones de pesos (unos 1.633 millones de d\u00f3lares).<\/p>\n\n\n\n<p><br>Torruco cont\u00f3 que este d\u00eda se reuni\u00f3 con L\u00f3pez-Gatell adem\u00e1s de diez gobernadores y secretarios de Turismo estatales para integrar un documento de unas 130 cuartillas con los protocolos de todas las \u00e1reas del sector tur\u00edstico que deben intensificar y reforzar sus medidas de higiene para su reactivaci\u00f3n.<\/p>\n\n\n\n<p><br>Sobre este punto, el director general de Promoci\u00f3n de la Salud de M\u00e9xico, Ricardo Cort\u00e9s, explic\u00f3 las medidas a tomar en cada empresa del sector tur\u00edstico para el regres\u00f3 a la nueva normalidad que se dar\u00e1 con el sem\u00e1foro de actividades propuestos por el Gobierno.<\/p>\n\n\n\n<p><br>Dijo que el turismo es &#8220;un mundo muy grande&#8221; que comprende transporte, a\u00e9reo y terrestre, hoteles y servicios en los que se debe reforzar medidas de sana distancia, limpieza de \u00e1reas de usos com\u00fan y de lugares cerrados, adem\u00e1s de capacitar al personal sobre como abordar a los clientes<br>Cort\u00e9s explic\u00f3 que cada empresa tur\u00edstica debe revisar el documento para conocer que \u00e1reas de limpiar y desinfectar, por ejemplo los aviones, y c\u00f3mo dar un nuevo servicio al cliente para que \u00e9ste haga filas en salas de espera en hoteles o aeropuertos.<\/p>\n\n\n\n<p><br>Acerca de estos protocolos, estrategias y nuevos comportamientos, L\u00f3pez-Gatell dijo que se aprecia la necesidad de volver a nueva normalidad.<br>&#8220;Pero no es volver a lo acostumbrado sino encontrar todas las oportunidades para cambiar nuestro comportamiento en el espacio p\u00fablico no solo como individuos, sino como colectividad&#8221;, apunt\u00f3.<\/p>\n\n\n\n<p><br>Torruco expuso que durante el primer trimestre de 2020 la llegada de turistas internacionales al pa\u00eds se redujo un 34,4 % respecto al mismo periodo del a\u00f1o anterior lo que redund\u00f3 una ca\u00edda del 45,6 % en entradas de dinero.<\/p>\n\n\n\n<p><br>Este mi\u00e9rcoles, las autoridades de Salud de M\u00e9xico reportaron 2.248 nuevos contagios y 424 muertes por COVID-19, con los que el pa\u00eds lleg\u00f3 a 56.594 casos confirmados y 6.090 decesos a causa de la enfermedad.<\/p>\n\n\n\n<p><br>El n\u00famero de muertos en esta jornada es la mayor para un d\u00eda desde el inicio de la pandemia el 28 de febrero, y representa un incremento de 7,48 % respecto a los 5.666 que se notificaron el d\u00eda anterior.<br>(foto)<\/p>\n","protected":false},"excerpt":{"rendered":"<p>M\u00e9xico mantendr\u00e1 los fines de semana largos como una de las medidas de reactivaci\u00f3n del sector tur\u00edstico tras la pandemia del COVID-19, inform\u00f3 este mi\u00e9rcoles el titular de la Secretar\u00eda de Turismo, Miguel Torruco. El funcionario dijo que la medida la autoriz\u00f3 el presidente Andr\u00e9s Manuel L\u00f3pez Obrador, quien a inicios de febrero propuso este [&hellip;]<\/p>\n","protected":false},"author":80,"featured_media":0,"comment_status":"closed","ping_status":"open","sticky":false,"template":"","format":"standard","meta":{"footnotes":""},"categories":[15,36],"tags":[],"class_list":["post-111088","post","type-post","status-publish","format-standard","hentry","category-destacadas","category-nacion"],"_links":{"self":[{"href":"https:\/\/plazajuarez.mx\/historico\/wp-json\/wp\/v2\/posts\/111088","targetHints":{"allow":["GET"]}}],"collection":[{"href":"https:\/\/plazajuarez.mx\/historico\/wp-json\/wp\/v2\/posts"}],"about":[{"href":"https:\/\/plazajuarez.mx\/historico\/wp-json\/wp\/v2\/types\/post"}],"author":[{"embeddable":true,"href":"https:\/\/plazajuarez.mx\/historico\/wp-json\/wp\/v2\/users\/80"}],"replies":[{"embeddable":true,"href":"https:\/\/plazajuarez.mx\/historico\/wp-json\/wp\/v2\/comments?post=111088"}],"version-history":[{"count":0,"href":"https:\/\/plazajuarez.mx\/historico\/wp-json\/wp\/v2\/posts\/111088\/revisions"}],"wp:attachment":[{"href":"https:\/\/plazajuarez.mx\/historico\/wp-json\/wp\/v2\/media?parent=111088"}],"wp:term":[{"taxonomy":"category","embeddable":true,"href":"https:\/\/plazajuarez.mx\/historico\/wp-json\/wp\/v2\/categories?post=111088"},{"taxonomy":"post_tag","embeddable":true,"href":"https:\/\/plazajuarez.mx\/historico\/wp-json\/wp\/v2\/tags?post=111088"}],"curies":[{"name":"wp","href":"https:\/\/api.w.org\/{rel}","templated":true}]}}