{"id":111028,"date":"2020-05-21T06:00:00","date_gmt":"2020-05-21T06:00:00","guid":{"rendered":"https:\/\/plazajuarez.mx\/?p=111028"},"modified":"2020-05-21T04:02:36","modified_gmt":"2020-05-21T04:02:36","slug":"hasta-el-85-por-ciento-de-comercios-cerrados","status":"publish","type":"post","link":"https:\/\/plazajuarez.mx\/historico\/hasta-el-85-por-ciento-de-comercios-cerrados\/","title":{"rendered":"Hasta el 85 por ciento de comercios, cerrados"},"content":{"rendered":"\n<ul class=\"wp-block-list\"><li><strong>Asevera Carlos Ham que m\u00e1s de mil negocios de Pachuca y Mineral de la Reforma est\u00e1n en riesgo de quebrar por falta de circulante<\/strong><\/li><\/ul>\n\n\n\n<!--more-->\n\n\n\n<p><\/p>\n\n\n\n<p>De acuerdo con el presidente de la C\u00e1mara Nacional de Comercio, Servicios y Turismo (Canaco Servytur) de Pachuca, Carlos Ham Mej\u00eda, cerca del 85 por ciento de las microempresas en Pachuca y Mineral de la Reforma se encuentran actualmente cerradas esto por efecto de la suspensi\u00f3n de actividades econ\u00f3micas, lo que consider\u00f3 que existe un panorama desolador.&nbsp;<\/p>\n\n\n\n<p>Refiri\u00f3 que parte de estos negocios cerrados como parte de la Jornada Nacional de Sana Distancia, tambi\u00e9n se incluyen los que representan actividades esenciales de acuerdo con el Sector Salud, tales como la venta de alimentos; y que existe la confianza de que se reinicien las actividades en el mes de junio, a pesar de que Hidalgo es considerado uno de los estados con alerta roja por la pandemia.&nbsp;<\/p>\n\n\n\n<p>Por otro lado, afirm\u00f3 que cerca de mil 100 peque\u00f1as y medianas empresas (Pymes) se encuentran en riesgo de quebrar por la falta de circulante, y aunado a ello, que cuentan con problemas serios de falta de solvencia, y que estas microempresas se ubican en uno de los puntos m\u00e1s problem\u00e1ticos por la contingencia del Covid-19 en el estado, tal como lo es la Zona Metropolitana de Pachuca.&nbsp;<\/p>\n\n\n\n<p>Describi\u00f3 que estos negocios provienen de ramos variados, como la venta de bisuter\u00eda, perfumer\u00eda, ropa para la familia, zapater\u00edas, entre otros, y asever\u00f3 que de este total de microempresas en riesgo, la mayor\u00eda tienen la posibilidad mayor de desaparecer por no contar con recursos para el pago de conceptos elementales, como la renta, impuestos, servicios b\u00e1sicos y el salario a sus trabajadores.&nbsp;<\/p>\n\n\n\n<p>El representante del comercio en el estado coment\u00f3 que muchos establecimientos tienen adeudos desde el mes de marzo, lo que manifest\u00f3 que, en caso de que la cuarentena se extienda, incluso a m\u00e1s meses, a partir del mes de junio se tendr\u00edan serios problemas financieros.&nbsp;<\/p>\n\n\n\n<p>Por otro lado, declar\u00f3 que, derivado de esta situaci\u00f3n, se tiene la estimaci\u00f3n que podr\u00edan perderse entre dos mil a tres mil empleos por esta situaci\u00f3n, incluyendo a las personas que ejercen el autoempleo, y atribuy\u00f3 que parte de esto es por la falta de ventas o de materia prima, lo que tambi\u00e9n repercute directamente en la falta de recursos para el pago del salario de los trabajadores.<\/p>\n","protected":false},"excerpt":{"rendered":"<p>Asevera Carlos Ham que m\u00e1s de mil negocios de Pachuca y Mineral de la Reforma est\u00e1n en riesgo de quebrar por falta de circulante<\/p>\n","protected":false},"author":93,"featured_media":0,"comment_status":"closed","ping_status":"open","sticky":false,"template":"","format":"standard","meta":{"footnotes":""},"categories":[59],"tags":[],"class_list":["post-111028","post","type-post","status-publish","format-standard","hentry","category-general"],"_links":{"self":[{"href":"https:\/\/plazajuarez.mx\/historico\/wp-json\/wp\/v2\/posts\/111028","targetHints":{"allow":["GET"]}}],"collection":[{"href":"https:\/\/plazajuarez.mx\/historico\/wp-json\/wp\/v2\/posts"}],"about":[{"href":"https:\/\/plazajuarez.mx\/historico\/wp-json\/wp\/v2\/types\/post"}],"author":[{"embeddable":true,"href":"https:\/\/plazajuarez.mx\/historico\/wp-json\/wp\/v2\/users\/93"}],"replies":[{"embeddable":true,"href":"https:\/\/plazajuarez.mx\/historico\/wp-json\/wp\/v2\/comments?post=111028"}],"version-history":[{"count":0,"href":"https:\/\/plazajuarez.mx\/historico\/wp-json\/wp\/v2\/posts\/111028\/revisions"}],"wp:attachment":[{"href":"https:\/\/plazajuarez.mx\/historico\/wp-json\/wp\/v2\/media?parent=111028"}],"wp:term":[{"taxonomy":"category","embeddable":true,"href":"https:\/\/plazajuarez.mx\/historico\/wp-json\/wp\/v2\/categories?post=111028"},{"taxonomy":"post_tag","embeddable":true,"href":"https:\/\/plazajuarez.mx\/historico\/wp-json\/wp\/v2\/tags?post=111028"}],"curies":[{"name":"wp","href":"https:\/\/api.w.org\/{rel}","templated":true}]}}