{"id":111009,"date":"2020-05-21T06:00:00","date_gmt":"2020-05-21T06:00:00","guid":{"rendered":"https:\/\/plazajuarez.mx\/?p=111009"},"modified":"2020-05-21T03:46:14","modified_gmt":"2020-05-21T03:46:14","slug":"urge-activar-casa-de-salud-en-ahuehuetitla","status":"publish","type":"post","link":"https:\/\/plazajuarez.mx\/historico\/urge-activar-casa-de-salud-en-ahuehuetitla\/","title":{"rendered":"Urge activar Casa de Salud en Ahuehuetitla"},"content":{"rendered":"\n<ul class=\"wp-block-list\"><li><strong>\u201cEs necesario dar uso adecuado a este inmueble\u201d<\/strong><\/li><\/ul>\n\n\n\n<ul class=\"wp-block-list\"><li><strong>S\u00f3lo es usada en campa\u00f1as de vacunaci\u00f3n o juntas de beneficiarios de programas sociales.<\/strong><\/li><\/ul>\n\n\n\n<!--more-->\n\n\n\n<p>A trav\u00e9s del delegado Pablo P\u00e9rez, vecinos de Ahuehuetitla solicitan a las autoridades sanitarias que activen la Casa de Salud de la comunidad, ya que, hasta el momento, s\u00f3lo se usa cuando hay campa\u00f1as de vacunaci\u00f3n o juntas de beneficiarios de los programas de desarrollo social.<\/p>\n\n\n\n<p>El representante vecinal coment\u00f3 que es necesario dar uso adecuado a ese inmueble, sobre todo en esta pandemia generada por el Covid-19, cuando la gente necesita tener informaci\u00f3n ver\u00eddica en torno a c\u00f3mo evitar contagios o fortalecer su sistema inmunol\u00f3gico.<\/p>\n\n\n\n<p>\u201cDesde hace a\u00f1os tenemos esa casa de salud, pero no es usada con esos fines. Cuando tenemos necesidad de un m\u00e9dico, vamos hasta el centro de salud de la colonia Rojo G\u00f3mez, pero hay varias personas de la tercera edad o madres con ni\u00f1os peque\u00f1os, que les es dif\u00edcil trasladarse hasta ese punto, por eso creo que ya es necesario que tengamos un m\u00e9dico y m\u00e1s servicios en nuestras instalaciones\u201d, dijo.&nbsp;<\/p>\n\n\n\n<p>Los vecinos coincidieron en que es apremiante contar con un m\u00e9dico o personal de la salud en la comunidad, principalmente para la prevenci\u00f3n de enfermedades, porque a la postre sale m\u00e1s barato que curar.<\/p>\n\n\n\n<p>\u201cNos gustar\u00eda que vinieran nutri\u00f3logos, psic\u00f3logos, odont\u00f3logos, en fin, de varias \u00e1reas m\u00e9dicas para que fortalezcan el tema de la prevenci\u00f3n y no s\u00f3lo se ocupe en campa\u00f1as de vacunaci\u00f3n\u201d.<\/p>\n","protected":false},"excerpt":{"rendered":"<p>\u201cEs necesario dar uso adecuado a este inmueble\u201d S\u00f3lo es usada en campa\u00f1as de vacunaci\u00f3n o juntas de beneficiarios de programas sociales.<\/p>\n","protected":false},"author":70,"featured_media":0,"comment_status":"closed","ping_status":"open","sticky":false,"template":"","format":"standard","meta":{"footnotes":""},"categories":[40],"tags":[],"class_list":["post-111009","post","type-post","status-publish","format-standard","hentry","category-region"],"_links":{"self":[{"href":"https:\/\/plazajuarez.mx\/historico\/wp-json\/wp\/v2\/posts\/111009","targetHints":{"allow":["GET"]}}],"collection":[{"href":"https:\/\/plazajuarez.mx\/historico\/wp-json\/wp\/v2\/posts"}],"about":[{"href":"https:\/\/plazajuarez.mx\/historico\/wp-json\/wp\/v2\/types\/post"}],"author":[{"embeddable":true,"href":"https:\/\/plazajuarez.mx\/historico\/wp-json\/wp\/v2\/users\/70"}],"replies":[{"embeddable":true,"href":"https:\/\/plazajuarez.mx\/historico\/wp-json\/wp\/v2\/comments?post=111009"}],"version-history":[{"count":0,"href":"https:\/\/plazajuarez.mx\/historico\/wp-json\/wp\/v2\/posts\/111009\/revisions"}],"wp:attachment":[{"href":"https:\/\/plazajuarez.mx\/historico\/wp-json\/wp\/v2\/media?parent=111009"}],"wp:term":[{"taxonomy":"category","embeddable":true,"href":"https:\/\/plazajuarez.mx\/historico\/wp-json\/wp\/v2\/categories?post=111009"},{"taxonomy":"post_tag","embeddable":true,"href":"https:\/\/plazajuarez.mx\/historico\/wp-json\/wp\/v2\/tags?post=111009"}],"curies":[{"name":"wp","href":"https:\/\/api.w.org\/{rel}","templated":true}]}}