{"id":111008,"date":"2020-05-21T06:00:00","date_gmt":"2020-05-21T06:00:00","guid":{"rendered":"https:\/\/plazajuarez.mx\/?p=111008"},"modified":"2020-05-21T03:45:33","modified_gmt":"2020-05-21T03:45:33","slug":"amantes-de-lo-ajeno-roban-a-diestra-y-siniestra","status":"publish","type":"post","link":"https:\/\/plazajuarez.mx\/historico\/amantes-de-lo-ajeno-roban-a-diestra-y-siniestra\/","title":{"rendered":"Amantes de lo ajeno roban a diestra y siniestra"},"content":{"rendered":"\n<ul class=\"wp-block-list\"><li><strong>Hay temor a que se incrementen los delitos debido al desempleo<\/strong><\/li><\/ul>\n\n\n\n<!--more-->\n\n\n\n<p>Amantes de lo ajeno contin\u00faan robando en el municipio, a pesar de que los ciudadanos cuentan con la plataforma de Segurichat en la regi\u00f3n. Sin embargo, atienden los llamados muy tarde, de plano no van o ya cuando acuden al lugar, los malosos se han ido, explicaron ciudadanos del centro de Tizayuca.<\/p>\n\n\n\n<p>Tal fue el caso de un joven al que le robaron su motocicleta en el barrio de Atempa. Es importante mencionar que cuatro sujetos, con cinismo, la tra\u00edan dando la vuelta en la avenida Ju\u00e1rez. El due\u00f1o los trat\u00f3 de seguir, pero sin suerte.&nbsp;<\/p>\n\n\n\n<p>A trav\u00e9s de la plataforma de Segurichat solicit\u00f3 ayuda para dar con el paradero de su moto y dar con el ladr\u00f3n, pero las autoridades no acudieron ni implementaron alguna b\u00fasqueda.<\/p>\n\n\n\n<p>Tambi\u00e9n en Atempa a un joven que se encontraba comprando en la tienda, le robaron su bicicleta. Los habitantes, a trav\u00e9s de las redes sociales, publicaron la imagen del veh\u00edculo y pidieron que en caso de verla, la denunciaran, para dar con el sujeto que se la hab\u00eda llevado.&nbsp;<\/p>\n\n\n\n<p>Otro caso: En la colonia Emiliano Zapata, tres sujetos ingresaron a una casa- habitaci\u00f3n para robar. Los polic\u00edas municipales solamente detuvieron a uno, pues los otros dos escaparon por detr\u00e1s de una escuela primaria. Los casos narrados ocurrieron la tarde del martes.<\/p>\n","protected":false},"excerpt":{"rendered":"<p>Hay temor a que se incrementen los delitos debido al desempleo<\/p>\n","protected":false},"author":78,"featured_media":0,"comment_status":"closed","ping_status":"open","sticky":false,"template":"","format":"standard","meta":{"footnotes":""},"categories":[40],"tags":[],"class_list":["post-111008","post","type-post","status-publish","format-standard","hentry","category-region"],"_links":{"self":[{"href":"https:\/\/plazajuarez.mx\/historico\/wp-json\/wp\/v2\/posts\/111008","targetHints":{"allow":["GET"]}}],"collection":[{"href":"https:\/\/plazajuarez.mx\/historico\/wp-json\/wp\/v2\/posts"}],"about":[{"href":"https:\/\/plazajuarez.mx\/historico\/wp-json\/wp\/v2\/types\/post"}],"author":[{"embeddable":true,"href":"https:\/\/plazajuarez.mx\/historico\/wp-json\/wp\/v2\/users\/78"}],"replies":[{"embeddable":true,"href":"https:\/\/plazajuarez.mx\/historico\/wp-json\/wp\/v2\/comments?post=111008"}],"version-history":[{"count":0,"href":"https:\/\/plazajuarez.mx\/historico\/wp-json\/wp\/v2\/posts\/111008\/revisions"}],"wp:attachment":[{"href":"https:\/\/plazajuarez.mx\/historico\/wp-json\/wp\/v2\/media?parent=111008"}],"wp:term":[{"taxonomy":"category","embeddable":true,"href":"https:\/\/plazajuarez.mx\/historico\/wp-json\/wp\/v2\/categories?post=111008"},{"taxonomy":"post_tag","embeddable":true,"href":"https:\/\/plazajuarez.mx\/historico\/wp-json\/wp\/v2\/tags?post=111008"}],"curies":[{"name":"wp","href":"https:\/\/api.w.org\/{rel}","templated":true}]}}