{"id":111004,"date":"2020-05-21T06:00:00","date_gmt":"2020-05-21T06:00:00","guid":{"rendered":"https:\/\/plazajuarez.mx\/?p=111004"},"modified":"2020-05-21T03:41:57","modified_gmt":"2020-05-21T03:41:57","slug":"actividad-minera-retoma-sus-actividades","status":"publish","type":"post","link":"https:\/\/plazajuarez.mx\/historico\/actividad-minera-retoma-sus-actividades\/","title":{"rendered":"Actividad minera retoma sus actividades"},"content":{"rendered":"\n<ul class=\"wp-block-list\"><li><strong>Por la contingencia sanitaria suspendi\u00f3 actividades en abril&nbsp;<\/strong><\/li><\/ul>\n\n\n\n<!--more-->\n\n\n\n<p>La actividad minera va retomando sus actividades normales de producci\u00f3n y fundici\u00f3n, luego de reactivarse, desde el pasado lunes, tras recibir autorizaci\u00f3n por parte del gobierno federal.&nbsp;<\/p>\n\n\n\n<p>Las actividades fueron suspendidas en abril, debido a la contingencia sanitaria.&nbsp;<\/p>\n\n\n\n<p>\u201cSe van retomando las actividades poco a poco\u201d, inform\u00f3 la Presidencia Municipal, debido a que la reactivaci\u00f3n de la miner\u00eda no se llevar\u00eda a cabo al 100 por ciento, en raz\u00f3n de que se tomar\u00e1 tiempo para retornar la total normalidad.&nbsp;<\/p>\n\n\n\n<p>Se inform\u00f3 que la suspensi\u00f3n de actividades en la miner\u00eda, por considerarse \u201cno esencial\u201d, provoc\u00f3 que muchas familias se quedaran sin empleo y sin ingresos econ\u00f3micos. Los trabajadores no recibieron ning\u00fan tipo de beneficio por parte de sus empresas.&nbsp;<\/p>\n\n\n\n<p>La semana pasada, la compa\u00f1\u00eda Santa Cruz, anunci\u00f3 que hab\u00eda hecho los tr\u00e1mites correspondientes ante el gobierno federal, para que se permitiera el reinicio de todas las actividades que estuvieron suspendidas desde abril.&nbsp;<\/p>\n\n\n\n<p>Seg\u00fan la minera, Zimap\u00e1n es uno de los que municipios que menos riesgos enfrenta de contagiarse en masa con el virus del Covid-19.&nbsp;<\/p>\n\n\n\n<p>Ante la baja posibilidad de contagios entre el personal que labora en la mina, se consider\u00f3 que no habr\u00eda riesgos y se autoriz\u00f3 el inicio de actividades como sucede tambi\u00e9n con otras minas en el pa\u00eds.<\/p>\n","protected":false},"excerpt":{"rendered":"<p>Por la contingencia sanitaria suspendi\u00f3 actividades en abril&nbsp;<\/p>\n","protected":false},"author":75,"featured_media":0,"comment_status":"closed","ping_status":"open","sticky":false,"template":"","format":"standard","meta":{"footnotes":""},"categories":[40],"tags":[],"class_list":["post-111004","post","type-post","status-publish","format-standard","hentry","category-region"],"_links":{"self":[{"href":"https:\/\/plazajuarez.mx\/historico\/wp-json\/wp\/v2\/posts\/111004","targetHints":{"allow":["GET"]}}],"collection":[{"href":"https:\/\/plazajuarez.mx\/historico\/wp-json\/wp\/v2\/posts"}],"about":[{"href":"https:\/\/plazajuarez.mx\/historico\/wp-json\/wp\/v2\/types\/post"}],"author":[{"embeddable":true,"href":"https:\/\/plazajuarez.mx\/historico\/wp-json\/wp\/v2\/users\/75"}],"replies":[{"embeddable":true,"href":"https:\/\/plazajuarez.mx\/historico\/wp-json\/wp\/v2\/comments?post=111004"}],"version-history":[{"count":0,"href":"https:\/\/plazajuarez.mx\/historico\/wp-json\/wp\/v2\/posts\/111004\/revisions"}],"wp:attachment":[{"href":"https:\/\/plazajuarez.mx\/historico\/wp-json\/wp\/v2\/media?parent=111004"}],"wp:term":[{"taxonomy":"category","embeddable":true,"href":"https:\/\/plazajuarez.mx\/historico\/wp-json\/wp\/v2\/categories?post=111004"},{"taxonomy":"post_tag","embeddable":true,"href":"https:\/\/plazajuarez.mx\/historico\/wp-json\/wp\/v2\/tags?post=111004"}],"curies":[{"name":"wp","href":"https:\/\/api.w.org\/{rel}","templated":true}]}}