{"id":110946,"date":"2020-05-21T06:00:00","date_gmt":"2020-05-21T06:00:00","guid":{"rendered":"https:\/\/plazajuarez.mx\/?p=110946"},"modified":"2020-05-21T02:23:02","modified_gmt":"2020-05-21T02:23:02","slug":"guatemalteco-muere-en-galeras-de-tepeji","status":"publish","type":"post","link":"https:\/\/plazajuarez.mx\/historico\/guatemalteco-muere-en-galeras-de-tepeji\/","title":{"rendered":"Guatemalteco muere en galeras de Tepeji"},"content":{"rendered":"\n<ul class=\"wp-block-list\"><li><strong>Fue hallado muerto, por presunta broncoaspiraci\u00f3n&nbsp;<\/strong><\/li><\/ul>\n\n\n\n<!--more-->\n\n\n\n<p>Hombre de origen guatemalteco, que estaba detenido por una falta administrativa (alterar el orden p\u00fablico), fue hallado sin vida la tarde-noche del martes en las galeras, seg\u00fan se inform\u00f3 a trav\u00e9s de un comunicado. Se se\u00f1ala \u201cquiz\u00e1s se broncoaspir\u00f3\u201d.<\/p>\n\n\n\n<p>De acuerdo al parte informativo, la noche del lunes pasado, fue detenido quien dijo responder al nombre cuyas iniciales eran ASRM, originario de Guatemala.&nbsp;<\/p>\n\n\n\n<p>El centroamericano, bajo los influjos del alcohol, fue detenido al escandalizar en la v\u00eda p\u00fablica, por lo que fue trasladado a la Secretar\u00eda de Seguridad P\u00fablica y puesto a disposici\u00f3n del Juez Conciliador.&nbsp;<\/p>\n\n\n\n<p>Al no haberse presentado ning\u00fan familiar para solicitar su liberaci\u00f3n luego de responder por la infracci\u00f3n cometida, continuaba en las galeras hasta la noche del martes.<\/p>\n\n\n\n<p>Se precis\u00f3 que como es derecho de los detenidos, durante la ma\u00f1ana, se le proporcionaron alimentos sin notar alguna anomal\u00eda, y que no fue sino hasta la tarde del martes, cuando se dispon\u00edan a servir la comida, que el oficial de guardia not\u00f3 que el detenido no respond\u00eda, por lo que se acerc\u00f3 a \u00e9l y lo observ\u00f3 sin aparentemente conocimiento.<\/p>\n\n\n\n<p>Solicit\u00f3 el apoyo de los param\u00e9dicos de Protecci\u00f3n Civil, quienes confirmaron que no presentaba signos vitales y al parecer hab\u00eda sufrido una broncoaspiraci\u00f3n. Se desconoce si el hombre ten\u00eda alguna enfermedad.&nbsp;<\/p>\n\n\n\n<p>Ante los hechos, se dio parte a la autoridad correspondiente para que diera inicio la carpeta de investigaci\u00f3n y as\u00ed deslindar presuntas responsabilidades.<\/p>\n","protected":false},"excerpt":{"rendered":"<p>Fue hallado muerto, por presunta broncoaspiraci\u00f3n&nbsp;<\/p>\n","protected":false},"author":93,"featured_media":0,"comment_status":"closed","ping_status":"open","sticky":false,"template":"","format":"standard","meta":{"footnotes":""},"categories":[40],"tags":[],"class_list":["post-110946","post","type-post","status-publish","format-standard","hentry","category-region"],"_links":{"self":[{"href":"https:\/\/plazajuarez.mx\/historico\/wp-json\/wp\/v2\/posts\/110946","targetHints":{"allow":["GET"]}}],"collection":[{"href":"https:\/\/plazajuarez.mx\/historico\/wp-json\/wp\/v2\/posts"}],"about":[{"href":"https:\/\/plazajuarez.mx\/historico\/wp-json\/wp\/v2\/types\/post"}],"author":[{"embeddable":true,"href":"https:\/\/plazajuarez.mx\/historico\/wp-json\/wp\/v2\/users\/93"}],"replies":[{"embeddable":true,"href":"https:\/\/plazajuarez.mx\/historico\/wp-json\/wp\/v2\/comments?post=110946"}],"version-history":[{"count":0,"href":"https:\/\/plazajuarez.mx\/historico\/wp-json\/wp\/v2\/posts\/110946\/revisions"}],"wp:attachment":[{"href":"https:\/\/plazajuarez.mx\/historico\/wp-json\/wp\/v2\/media?parent=110946"}],"wp:term":[{"taxonomy":"category","embeddable":true,"href":"https:\/\/plazajuarez.mx\/historico\/wp-json\/wp\/v2\/categories?post=110946"},{"taxonomy":"post_tag","embeddable":true,"href":"https:\/\/plazajuarez.mx\/historico\/wp-json\/wp\/v2\/tags?post=110946"}],"curies":[{"name":"wp","href":"https:\/\/api.w.org\/{rel}","templated":true}]}}