{"id":110727,"date":"2020-05-20T06:00:00","date_gmt":"2020-05-20T06:00:00","guid":{"rendered":"https:\/\/plazajuarez.mx\/?p=110727"},"modified":"2020-05-20T02:38:04","modified_gmt":"2020-05-20T02:38:04","slug":"el-museo-metropolitano-de-nueva-york-reabrira-en-agosto","status":"publish","type":"post","link":"https:\/\/plazajuarez.mx\/historico\/el-museo-metropolitano-de-nueva-york-reabrira-en-agosto\/","title":{"rendered":"El Museo Metropolitano de Nueva York reabrir\u00e1 en agosto"},"content":{"rendered":"\n<ul class=\"wp-block-list\"><li><strong>Inicialmente, los d\u00edas y las horas de apertura del Met probablemente se ver\u00e1n reducidos<\/strong><\/li><\/ul>\n\n\n\n<!--more-->\n\n\n\n<p>El Museo Metropolitano de Nueva York (Met), una de las instituciones culturales m\u00e1s importantes del mundo, anunci\u00f3 este martes en un comunicado que tiene previsto reabrir sus puertas a mediados de agosto, &#8220;o quiz\u00e1 unas semanas m\u00e1s tarde&#8221;, a la vez que confirm\u00f3 la cancelaci\u00f3n definitiva de la Met Gala de este a\u00f1o, que hasta ahora hab\u00eda pospuesto indefinidamente.<\/p>\n\n\n\n<p>&#8220;Inicialmente, los d\u00edas y las horas de apertura del Met probablemente se ver\u00e1n reducidos, y, dada la necesidad de proveer un ambiente que respeta el distanciamiento social, el museo no celebrar\u00e1 tours, conciertos ni eventos durante el resto del 2020&#8221;, se\u00f1ala el texto.<\/p>\n\n\n\n<p>Se espera que el museo vuelva a sus actividades normales en 2021, momento en el que tambi\u00e9n esperan poder celebrar su 150 aniversario, que cumpl\u00eda este a\u00f1o y que iba a conmemorar con la inauguraci\u00f3n de la exposici\u00f3n &#8220;Making the Met&#8221;, que se iba a abrir pocos d\u00edas despu\u00e9s de que Nueva York pusiera en marcha las medidas para evitar la propagaci\u00f3n del coronavirus.<\/p>\n\n\n\n<p>&#8220;El Met ha pasado por muchas cosas en sus 150 a\u00f1os y hoy sigue siendo una luz de esperanza para el futuro. Este museo tambi\u00e9n es un profundo recuerdo de la fortaleza del esp\u00edritu humano y el poder que tiene el arte para consolar, inspirar y unir comunidades&#8221;, dijo en el comunicado el presidente de la instituci\u00f3n, Daniel Weiss.<\/p>\n\n\n\n<p>El museo tambi\u00e9n anunci\u00f3 la cancelaci\u00f3n definitiva &#8220;debido a la crisis de salud mundial&#8221; de la Met Gala de 2020, el evento de moda m\u00e1s esperado del a\u00f1o, que inicialmente se iba a celebrar el pasado 4 de mayo y que hab\u00eda pospuesto sin dar una nueva fecha.<\/p>\n\n\n\n<p>La Met Gala, que en esta edici\u00f3n ten\u00eda el objetivo de repasar siglo y medio de moda con su tem\u00e1tica &#8220;About Time: Fashion and Duration&#8221;, se utiliza anualmente para recaudar fondos para financiar el Instituto del Traje del Museo Metropolitano, y el a\u00f1o pasado consigui\u00f3 reunir, seg\u00fan la revista Vogue, unos 15 millones de d\u00f3lares.<\/p>\n","protected":false},"excerpt":{"rendered":"<p>Inicialmente, los d\u00edas y las horas de apertura del Met probablemente se ver\u00e1n reducidos<\/p>\n","protected":false},"author":80,"featured_media":0,"comment_status":"closed","ping_status":"open","sticky":false,"template":"","format":"standard","meta":{"footnotes":""},"categories":[41],"tags":[],"class_list":["post-110727","post","type-post","status-publish","format-standard","hentry","category-arteria-cultural"],"_links":{"self":[{"href":"https:\/\/plazajuarez.mx\/historico\/wp-json\/wp\/v2\/posts\/110727","targetHints":{"allow":["GET"]}}],"collection":[{"href":"https:\/\/plazajuarez.mx\/historico\/wp-json\/wp\/v2\/posts"}],"about":[{"href":"https:\/\/plazajuarez.mx\/historico\/wp-json\/wp\/v2\/types\/post"}],"author":[{"embeddable":true,"href":"https:\/\/plazajuarez.mx\/historico\/wp-json\/wp\/v2\/users\/80"}],"replies":[{"embeddable":true,"href":"https:\/\/plazajuarez.mx\/historico\/wp-json\/wp\/v2\/comments?post=110727"}],"version-history":[{"count":0,"href":"https:\/\/plazajuarez.mx\/historico\/wp-json\/wp\/v2\/posts\/110727\/revisions"}],"wp:attachment":[{"href":"https:\/\/plazajuarez.mx\/historico\/wp-json\/wp\/v2\/media?parent=110727"}],"wp:term":[{"taxonomy":"category","embeddable":true,"href":"https:\/\/plazajuarez.mx\/historico\/wp-json\/wp\/v2\/categories?post=110727"},{"taxonomy":"post_tag","embeddable":true,"href":"https:\/\/plazajuarez.mx\/historico\/wp-json\/wp\/v2\/tags?post=110727"}],"curies":[{"name":"wp","href":"https:\/\/api.w.org\/{rel}","templated":true}]}}