{"id":110725,"date":"2020-05-20T06:00:00","date_gmt":"2020-05-20T06:00:00","guid":{"rendered":"https:\/\/plazajuarez.mx\/?p=110725"},"modified":"2020-05-20T02:39:21","modified_gmt":"2020-05-20T02:39:21","slug":"el-festival-internacional-de-cine-de-santiago-sera-digital","status":"publish","type":"post","link":"https:\/\/plazajuarez.mx\/historico\/el-festival-internacional-de-cine-de-santiago-sera-digital\/","title":{"rendered":"El festival internacional de cine de Santiago ser\u00e1 digital"},"content":{"rendered":"\n<ul class=\"wp-block-list\"><li><strong>Al contrario de lo que es habitual, los amantes de la gran pantalla no ir\u00e1n esta vez a los cines para disfrutar de las pel\u00edculas<\/strong><\/li><\/ul>\n\n\n\n<!--more-->\n\n\n\n<p>El Santiago Festival Internacional de Cine (Sanfic) realizar\u00e1 por primera en sus 15 a\u00f1os de historia una edici\u00f3n 100 % digital debido a las restricciones de contacto y cercan\u00eda entre personas para prevenir el contagio de la COVID-19, informaron el d\u00eda de ayer los productores del evento.<\/p>\n\n\n\n<p>Al contrario de lo que es habitual, los amantes de la gran pantalla no ir\u00e1n esta vez a los cines para disfrutar de las pel\u00edculas, sino que las producciones llegar\u00e1n a sus casas en versi\u00f3n digital, indic\u00f3 Carlos N\u00fa\u00f1ez, Director Art\u00edstico de Sanfic, inform\u00f3 la organizaci\u00f3n a trav\u00e9s de un comunicado.<\/p>\n\n\n\n<p>La Fundaci\u00f3n Corpartes, encargada de la producci\u00f3n del festival, se\u00f1al\u00f3 que la decisi\u00f3n reside en mantener las fechas habituales del festival (entre el 16 y 23 de agosto) y aprovechar para &#8220;seguir conectados&#8221; con el p\u00fablico a trav\u00e9s de las artes y la cultura en momentos de pandemia.<\/p>\n\n\n\n<p>&#8220;Hemos buscado seguir realizando uno de los festivales de cine m\u00e1s relevantes de Latinoam\u00e9rica, como lo es Sanfic, lo que significar\u00e1 tambi\u00e9n la posibilidad de promover y exhibir las producciones audiovisuales m\u00e1s recientes que no han podido estrenarse en salas debido a la crisis&#8221;, dijo Francisca Lorenzano, directora ejecutiva de Fundaci\u00f3n Corpartes.<\/p>\n\n\n\n<p>Este novedoso formato, que ya se utiliz\u00f3 en otros festivales cinematogr\u00e1ficos como Visions du R\u00e9el en Suiza, permitir\u00e1 ampliar a todo el pa\u00eds la posibilidad de disfrutar de las pel\u00edculas que se proyecten a trav\u00e9s de la plataforma digital, que ser\u00e1 de acceso gratuito.<\/p>\n\n\n\n<p>El Sanfic, que desde su inicio en 2005 ha exhibido m\u00e1s de 1.500 cintas y congregado a m\u00e1s de 273.000 espectadores frente a la gran pantalla, se adaptar\u00e1 este a\u00f1o a las televisiones de sus seguidores para que puedan disfrutar sin tener que salir de casa.<\/p>\n\n\n\n<p>Desde la direcci\u00f3n del festival aseguraron que en la versi\u00f3n no presencial se trabaja para que sea una edici\u00f3n &#8220;con una programaci\u00f3n especial de calidad, con muchas novedades y diversa&#8221;, se\u00f1al\u00f3 N\u00fa\u00f1ez.<\/p>\n\n\n\n<p>S\u00ed tuvo que posponerse el apartado Sanfic Industria, que usualmente es un espacio de formaci\u00f3n y fomento del sector audiovisual chileno e iberoamericano y que tendr\u00e1 que esperar hasta final de a\u00f1o a la espera de c\u00f3mo se desarrolla la crisis sanitaria del coronavirus.<\/p>\n","protected":false},"excerpt":{"rendered":"<p>Al contrario de lo que es habitual, los amantes de la gran pantalla no ir\u00e1n esta vez a los cines para disfrutar de las pel\u00edculas<\/p>\n","protected":false},"author":80,"featured_media":0,"comment_status":"closed","ping_status":"open","sticky":false,"template":"","format":"standard","meta":{"footnotes":""},"categories":[41],"tags":[],"class_list":["post-110725","post","type-post","status-publish","format-standard","hentry","category-arteria-cultural"],"_links":{"self":[{"href":"https:\/\/plazajuarez.mx\/historico\/wp-json\/wp\/v2\/posts\/110725","targetHints":{"allow":["GET"]}}],"collection":[{"href":"https:\/\/plazajuarez.mx\/historico\/wp-json\/wp\/v2\/posts"}],"about":[{"href":"https:\/\/plazajuarez.mx\/historico\/wp-json\/wp\/v2\/types\/post"}],"author":[{"embeddable":true,"href":"https:\/\/plazajuarez.mx\/historico\/wp-json\/wp\/v2\/users\/80"}],"replies":[{"embeddable":true,"href":"https:\/\/plazajuarez.mx\/historico\/wp-json\/wp\/v2\/comments?post=110725"}],"version-history":[{"count":0,"href":"https:\/\/plazajuarez.mx\/historico\/wp-json\/wp\/v2\/posts\/110725\/revisions"}],"wp:attachment":[{"href":"https:\/\/plazajuarez.mx\/historico\/wp-json\/wp\/v2\/media?parent=110725"}],"wp:term":[{"taxonomy":"category","embeddable":true,"href":"https:\/\/plazajuarez.mx\/historico\/wp-json\/wp\/v2\/categories?post=110725"},{"taxonomy":"post_tag","embeddable":true,"href":"https:\/\/plazajuarez.mx\/historico\/wp-json\/wp\/v2\/tags?post=110725"}],"curies":[{"name":"wp","href":"https:\/\/api.w.org\/{rel}","templated":true}]}}