{"id":110699,"date":"2020-05-19T18:29:50","date_gmt":"2020-05-19T18:29:50","guid":{"rendered":"https:\/\/plazajuarez.mx\/?p=110699"},"modified":"2020-05-19T18:29:56","modified_gmt":"2020-05-19T18:29:56","slug":"para-retiros-por-desempleo-afores-tienen-47-mil-mdp-disponibles","status":"publish","type":"post","link":"https:\/\/plazajuarez.mx\/historico\/para-retiros-por-desempleo-afores-tienen-47-mil-mdp-disponibles\/","title":{"rendered":"Para retiros por desempleo, afores tienen 47 mil mdp disponibles"},"content":{"rendered":"\n<p><strong>Existe la opci\u00f3n de ampliar la liquidez en cualquier momento para hacerle frente a los retiros que realicen los trabajadores.<\/strong><\/p>\n\n\n\n<!--more-->\n\n\n\n<p>Ante el aumento en los retiros por desempleo que se han presentado en el pa\u00eds y el alza que tendr\u00e1 este fen\u00f3meno hacia los pr\u00f3ximos meses por el impacto de la pandemia de Covid-19, las Afores cuentan con 47 mil millones de pesos en liquidez para atender la demanda de los trabajadores.<\/p>\n\n\n\n<p>Seg\u00fan datos de la Asociaci\u00f3n Mexicana de Afores (Amafore), si bien dicha cantidad es din\u00e1mica, actualmente es muy superior a lo que se podr\u00edan requerir en retiros parciales por desempleo, adem\u00e1s de que existe la opci\u00f3n de ampliar la liquidez en cualquier momento para hacerle frente a los retiros que realicen los trabajadores.<\/p>\n\n\n\n<p>&#8220;Ante un escenario extremo de perder 2 millones de empleos, se estar\u00edan requiriendo alrededor de 0.7% del saldo total administrado de las Afores. El Sistema de Ahorro para el Retiro (SAR) cuenta con los recursos y la liquidez suficiente para hacer frente a los retiros por desempleo de los trabajadores&#8221;, dijo la Amafore.<\/p>\n\n\n\n<p>En abril pasado, los retiros parciales por desempleo de los trabajadores alcanzaron los mil 591 millones de pesos, 95.5% por arriba de lo registrado en abril de 2019, de acuerdo con datos de la Comisi\u00f3n Nacional del Sistema de Ahorro para el Retiro (Consar).<\/p>\n\n\n\n<p>As\u00ed, de enero a abril del presente a\u00f1o, se han retirado 5 mil 128 millones de pesos por parte de trabajadores que han perdido su empleo, 50.3% m\u00e1s comparado con el mismo periodo del a\u00f1o pasado.<\/p>\n\n\n\n<p>De acuerdo con la Consar, estos datos a\u00fan no reflejan el impacto de la pandemia de covid-19 en el desempleo en el pa\u00eds, fen\u00f3meno que empezar\u00e1 a ocurrir en las cifras correspondientes a mayo y junio.<\/p>\n\n\n\n<p>En ese sentido, la Consar estima que m\u00e1s de un mill\u00f3n de trabajadores realizar\u00e1 retiros por desempleo en los pr\u00f3ximos meses, donde el promedio de cada operaci\u00f3n es de 5 mil a 6 mil pesos.<\/p>\n\n\n\n<p>En d\u00edas pasados, la agencia Moody&#8217;s, dijo que los retiros por desempleo que realizan los trabajadores de sus cuentas de Afore amenaza con da\u00f1ar la liquidez con la que cuentan los fondos de pensiones en M\u00e9xico.<\/p>\n\n\n\n<p>&#8220;Aunque los fondos de pensiones tienen reservas de liquidez en previsi\u00f3n de tales retiros, existe el riesgo de que el nivel actual de retiros exceda las estimaciones de los fondos, particularmente dado que esperamos rescates r\u00e9cord.<\/p>\n\n\n\n<p>Adem\u00e1s, dadas las necesidades potenciales de liquidez de los fondos, en los escenarios m\u00e1s severos, los fondos podr\u00edan verse obligados a vender valores en un mercado negativo para aumentar la liquidez&#8221;, dijo la agencia.<\/p>\n\n\n\n<p>En el mismo sentido, el presidente de la Consar, Abraham Vela, tambi\u00e9n alert\u00f3 sobre un impacto en la liquidez de las Afore por el aumento de retiros parciales de desempleo.<\/p>\n","protected":false},"excerpt":{"rendered":"<p>Existe la opci\u00f3n de ampliar la liquidez en cualquier momento para hacerle frente a los retiros que realicen los trabajadores.<\/p>\n","protected":false},"author":81,"featured_media":0,"comment_status":"closed","ping_status":"open","sticky":false,"template":"","format":"standard","meta":{"footnotes":""},"categories":[36],"tags":[],"class_list":["post-110699","post","type-post","status-publish","format-standard","hentry","category-nacion"],"_links":{"self":[{"href":"https:\/\/plazajuarez.mx\/historico\/wp-json\/wp\/v2\/posts\/110699","targetHints":{"allow":["GET"]}}],"collection":[{"href":"https:\/\/plazajuarez.mx\/historico\/wp-json\/wp\/v2\/posts"}],"about":[{"href":"https:\/\/plazajuarez.mx\/historico\/wp-json\/wp\/v2\/types\/post"}],"author":[{"embeddable":true,"href":"https:\/\/plazajuarez.mx\/historico\/wp-json\/wp\/v2\/users\/81"}],"replies":[{"embeddable":true,"href":"https:\/\/plazajuarez.mx\/historico\/wp-json\/wp\/v2\/comments?post=110699"}],"version-history":[{"count":0,"href":"https:\/\/plazajuarez.mx\/historico\/wp-json\/wp\/v2\/posts\/110699\/revisions"}],"wp:attachment":[{"href":"https:\/\/plazajuarez.mx\/historico\/wp-json\/wp\/v2\/media?parent=110699"}],"wp:term":[{"taxonomy":"category","embeddable":true,"href":"https:\/\/plazajuarez.mx\/historico\/wp-json\/wp\/v2\/categories?post=110699"},{"taxonomy":"post_tag","embeddable":true,"href":"https:\/\/plazajuarez.mx\/historico\/wp-json\/wp\/v2\/tags?post=110699"}],"curies":[{"name":"wp","href":"https:\/\/api.w.org\/{rel}","templated":true}]}}