{"id":110598,"date":"2020-05-19T06:00:00","date_gmt":"2020-05-19T06:00:00","guid":{"rendered":"https:\/\/plazajuarez.mx\/?p=110598"},"modified":"2020-05-19T04:32:34","modified_gmt":"2020-05-19T04:32:34","slug":"reconoce-upt-labor-de-docentes","status":"publish","type":"post","link":"https:\/\/plazajuarez.mx\/historico\/reconoce-upt-labor-de-docentes\/","title":{"rendered":"Reconoce UPT labor de docentes"},"content":{"rendered":"\n<ul class=\"wp-block-list\"><li><strong>Los celebr\u00f3 a distancia por su incansable trabajo y entrega diaria, en el marco del D\u00eda del&nbsp; Maestro<\/strong><\/li><\/ul>\n\n\n\n<!--more-->\n\n\n\n<p>En reconocimiento a su gran labor acad\u00e9mica, la Universidad Polit\u00e9cnica de Tulancingo (UPT) celebr\u00f3 a distancia a los docentes de esta casa de estudios por su incansable trabajo y entrega diaria, esto en el marco del D\u00eda del&nbsp; Maestro.<\/p>\n\n\n\n<p>A trav\u00e9s de las redes institucionales se comparti\u00f3 un v\u00eddeo con las tradicionales ma\u00f1anitas, a cargo del responsable del taller de m\u00fasica, Edmundo Aguilar Gonz\u00e1lez.<\/p>\n\n\n\n<p>Enseguida, el rector, Arturo Gil Borja, dirigi\u00f3 un mensaje donde celebr\u00f3 a quienes de manera desinteresada comparten sus conocimientos con todos los integrantes de esta comunidad universitaria y los exhort\u00f3 a asumir este gran reto que se ha adquirido por la pandemia; ya que nos brinda la oportunidad de ser mejores cada d\u00eda; as\u00ed como de explotar las herramientas digitales para coadyuvar en el aprendizaje de estudiantes.<\/p>\n\n\n\n<p>Destac\u00f3 tambi\u00e9n, la importancia que tiene su labor hacia los j\u00f3venes; ya que, debido a ello, esta instituci\u00f3n se encuentra como una de las mejores Polit\u00e9cnicas del pa\u00eds, con una oferta educativa que imparte seis ingenier\u00edas, dos licenciaturas, siete maestr\u00edas y dos doctorados, de los cuales tres se encuentran inscritos en el Padr\u00f3n Nacional de Posgrados de Calidad (PNPC) del Consejo Nacional de Ciencia y Tecnolog\u00eda (Conacyt), adem\u00e1s de contar con proyectos reconocidos por instituciones nacionales e internacionales.&nbsp;<\/p>\n\n\n\n<p>Estas actividades virtuales concluyeron con el poema al Maestro.<\/p>\n","protected":false},"excerpt":{"rendered":"<p>Los celebr\u00f3 a distancia por su incansable trabajo y entrega diaria, en el marco del D\u00eda del&nbsp; Maestro<\/p>\n","protected":false},"author":93,"featured_media":0,"comment_status":"closed","ping_status":"open","sticky":false,"template":"","format":"standard","meta":{"footnotes":""},"categories":[40],"tags":[],"class_list":["post-110598","post","type-post","status-publish","format-standard","hentry","category-region"],"_links":{"self":[{"href":"https:\/\/plazajuarez.mx\/historico\/wp-json\/wp\/v2\/posts\/110598","targetHints":{"allow":["GET"]}}],"collection":[{"href":"https:\/\/plazajuarez.mx\/historico\/wp-json\/wp\/v2\/posts"}],"about":[{"href":"https:\/\/plazajuarez.mx\/historico\/wp-json\/wp\/v2\/types\/post"}],"author":[{"embeddable":true,"href":"https:\/\/plazajuarez.mx\/historico\/wp-json\/wp\/v2\/users\/93"}],"replies":[{"embeddable":true,"href":"https:\/\/plazajuarez.mx\/historico\/wp-json\/wp\/v2\/comments?post=110598"}],"version-history":[{"count":0,"href":"https:\/\/plazajuarez.mx\/historico\/wp-json\/wp\/v2\/posts\/110598\/revisions"}],"wp:attachment":[{"href":"https:\/\/plazajuarez.mx\/historico\/wp-json\/wp\/v2\/media?parent=110598"}],"wp:term":[{"taxonomy":"category","embeddable":true,"href":"https:\/\/plazajuarez.mx\/historico\/wp-json\/wp\/v2\/categories?post=110598"},{"taxonomy":"post_tag","embeddable":true,"href":"https:\/\/plazajuarez.mx\/historico\/wp-json\/wp\/v2\/tags?post=110598"}],"curies":[{"name":"wp","href":"https:\/\/api.w.org\/{rel}","templated":true}]}}