{"id":110595,"date":"2020-05-19T06:00:00","date_gmt":"2020-05-19T06:00:00","guid":{"rendered":"https:\/\/plazajuarez.mx\/?p=110595"},"modified":"2020-05-19T04:29:49","modified_gmt":"2020-05-19T04:29:49","slug":"fallece-policia-municipal-victima-de-covid-19","status":"publish","type":"post","link":"https:\/\/plazajuarez.mx\/historico\/fallece-policia-municipal-victima-de-covid-19\/","title":{"rendered":"Fallece polic\u00eda municipal, v\u00edctima de Covid-19"},"content":{"rendered":"\n<ul class=\"wp-block-list\"><li><strong>Al uniformado, despu\u00e9s de revisarlo, lo trasladaron al hospital inflable ubicado en Pachuca<\/strong><\/li><\/ul>\n\n\n\n<!--more-->\n\n\n\n<p><br>Un elemento de la Secretar\u00eda de Seguridad P\u00fablica de Tizayuca falleci\u00f3 el pasado domingo, en el centro de Salud ubicado de la calle Cinco de Mayo. Era polic\u00eda de tr\u00e1nsito municipal.&nbsp;<\/p>\n\n\n\n<p><br>El ahora fallecido, quien en vida respond\u00eda al nombre cuyas iniciales&nbsp; eran F.V.F acudi\u00f3 al Centro de Salud para recibir atenci\u00f3n m\u00e9dica debido a que desde una semana antes ya ten\u00eda problemas respiratorios que se fueron complicando al paso de los d\u00edas.&nbsp;<\/p>\n\n\n\n<p><strong>UNIFORMADOS SE SIENTEN INSEGUROS, SOLICITAN PRUEBAS COVID&nbsp;<\/strong><\/p>\n\n\n\n<p>Los polic\u00edas municipales de Tizayuca temen por su salud. Solicitan a las autoridades de salud estatal y del municipio les realicen pruebas de Covid-19; debido a que un uniformado, compa\u00f1ero suyo, falleci\u00f3 por problemas respiratorios probablemente a causa del virus.&nbsp;<\/p>\n\n\n\n<p>Los elementos policiacos, de manera an\u00f3nima, quieren detectar a tiempo si hay m\u00e1s contagiados.&nbsp;<\/p>\n\n\n\n<p>Buscan saber si est\u00e1n contagiados,&nbsp; y prevenir contagiar a sus compa\u00f1eros del nuevo coronavirus de la Covid-19, causante de la&nbsp; pandemia que asola el mundo.&nbsp;<\/p>\n\n\n\n<p>Argumentan tambi\u00e9n que buscan no propagarlo a los tizayuquenses debido a que la polic\u00eda sigue laborando de forma normal.<\/p>\n\n\n\n<p><br>Cabe destacar que ya hay uniformados que solicitaron permiso para acudir al doctor ya que presentan algunos problemas respiratorios.&nbsp;<\/p>\n\n\n\n<p><br>Sin embargo informaron que no les han dado permiso para que vayan atenderse les dicen que tom\u00e9 pastillas para su molestia y que contin\u00faen trabajando en la corporaci\u00f3n. \u00danicamente cuentan con guantes, cubrebocas y gel antibacterial.&nbsp;<\/p>\n\n\n\n<p>Algunos de sus compa\u00f1eros permanecen en sus casas por enfermedad. Temen contagiar a m\u00e1s gente ya que tienen contacto en los filtros de seguridad que hay en el municipio de Tizayuca.<\/p>\n","protected":false},"excerpt":{"rendered":"<p>Al uniformado, despu\u00e9s de revisarlo, lo trasladaron al hospital inflable ubicado en Pachuca<\/p>\n","protected":false},"author":78,"featured_media":0,"comment_status":"closed","ping_status":"open","sticky":false,"template":"","format":"standard","meta":{"footnotes":""},"categories":[40],"tags":[],"class_list":["post-110595","post","type-post","status-publish","format-standard","hentry","category-region"],"_links":{"self":[{"href":"https:\/\/plazajuarez.mx\/historico\/wp-json\/wp\/v2\/posts\/110595","targetHints":{"allow":["GET"]}}],"collection":[{"href":"https:\/\/plazajuarez.mx\/historico\/wp-json\/wp\/v2\/posts"}],"about":[{"href":"https:\/\/plazajuarez.mx\/historico\/wp-json\/wp\/v2\/types\/post"}],"author":[{"embeddable":true,"href":"https:\/\/plazajuarez.mx\/historico\/wp-json\/wp\/v2\/users\/78"}],"replies":[{"embeddable":true,"href":"https:\/\/plazajuarez.mx\/historico\/wp-json\/wp\/v2\/comments?post=110595"}],"version-history":[{"count":0,"href":"https:\/\/plazajuarez.mx\/historico\/wp-json\/wp\/v2\/posts\/110595\/revisions"}],"wp:attachment":[{"href":"https:\/\/plazajuarez.mx\/historico\/wp-json\/wp\/v2\/media?parent=110595"}],"wp:term":[{"taxonomy":"category","embeddable":true,"href":"https:\/\/plazajuarez.mx\/historico\/wp-json\/wp\/v2\/categories?post=110595"},{"taxonomy":"post_tag","embeddable":true,"href":"https:\/\/plazajuarez.mx\/historico\/wp-json\/wp\/v2\/tags?post=110595"}],"curies":[{"name":"wp","href":"https:\/\/api.w.org\/{rel}","templated":true}]}}