{"id":110593,"date":"2020-05-19T06:00:00","date_gmt":"2020-05-19T06:00:00","guid":{"rendered":"https:\/\/plazajuarez.mx\/?p=110593"},"modified":"2020-05-19T04:28:25","modified_gmt":"2020-05-19T04:28:25","slug":"sedagroh-entrega-cheques-del-seguro-catastrofico-a-203-productores","status":"publish","type":"post","link":"https:\/\/plazajuarez.mx\/historico\/sedagroh-entrega-cheques-del-seguro-catastrofico-a-203-productores\/","title":{"rendered":"Sedagroh entrega cheques del Seguro Catastr\u00f3fico a 203 productores"},"content":{"rendered":"\n<ul class=\"wp-block-list\"><li><strong>El titular de Desarrollo Agropecuario municipal, dijo que la entrega representa un apoyo del gobernador, Omar Fayad&nbsp;<\/strong><\/li><\/ul>\n\n\n\n<!--more-->\n\n\n\n<p>En Apan, 203 productores agr\u00edcolas de la demarcaci\u00f3n, recibieron cheques por las afectaciones climatol\u00f3gicas presentadas durante 2019, por parte de la Secretar\u00eda de Desarrollo Agropecuario del estado (Sedagroh).<\/p>\n\n\n\n<p>El acto fue encabezado por la alcaldesa, Mar\u00eda Antonieta de los \u00c1ngeles Anaya,&nbsp;quien resalt\u00f3 que este es un programa convenido por el gobierno estatal, con el objetivo es apoyar a los productores que por cuestiones climatol\u00f3gicas han sufrido siniestros en sus siembras de temporal.<\/p>\n\n\n\n<p>La presidenta municipal resalt\u00f3 que los cheques son por concepto de siniestros ocasionados por inundaciones o por las sequ\u00edas que se presentaron, y que afectaron un total de 632.13 hect\u00e1reas de los diferentes cultivos, tanto de cebada, ma\u00edz, y avena.<\/p>\n\n\n\n<p>Los 203 productores agr\u00edcolas del&nbsp; municipio de Apan recibieron sus cheques, con monto de 948 mil 195 pesos.<\/p>\n\n\n\n<p>Anaya Ortega, dijo que el pago que recibieron los productores, estos van desde los mil 500 pesos, por hect\u00e1rea y que en algunos casos se pagaron las diez hect\u00e1reas afectadas.<\/p>\n","protected":false},"excerpt":{"rendered":"<p>El titular de Desarrollo Agropecuario municipal, dijo que la entrega representa un apoyo del gobernador, Omar Fayad&nbsp;<\/p>\n","protected":false},"author":69,"featured_media":0,"comment_status":"closed","ping_status":"open","sticky":false,"template":"","format":"standard","meta":{"footnotes":""},"categories":[40],"tags":[],"class_list":["post-110593","post","type-post","status-publish","format-standard","hentry","category-region"],"_links":{"self":[{"href":"https:\/\/plazajuarez.mx\/historico\/wp-json\/wp\/v2\/posts\/110593","targetHints":{"allow":["GET"]}}],"collection":[{"href":"https:\/\/plazajuarez.mx\/historico\/wp-json\/wp\/v2\/posts"}],"about":[{"href":"https:\/\/plazajuarez.mx\/historico\/wp-json\/wp\/v2\/types\/post"}],"author":[{"embeddable":true,"href":"https:\/\/plazajuarez.mx\/historico\/wp-json\/wp\/v2\/users\/69"}],"replies":[{"embeddable":true,"href":"https:\/\/plazajuarez.mx\/historico\/wp-json\/wp\/v2\/comments?post=110593"}],"version-history":[{"count":0,"href":"https:\/\/plazajuarez.mx\/historico\/wp-json\/wp\/v2\/posts\/110593\/revisions"}],"wp:attachment":[{"href":"https:\/\/plazajuarez.mx\/historico\/wp-json\/wp\/v2\/media?parent=110593"}],"wp:term":[{"taxonomy":"category","embeddable":true,"href":"https:\/\/plazajuarez.mx\/historico\/wp-json\/wp\/v2\/categories?post=110593"},{"taxonomy":"post_tag","embeddable":true,"href":"https:\/\/plazajuarez.mx\/historico\/wp-json\/wp\/v2\/tags?post=110593"}],"curies":[{"name":"wp","href":"https:\/\/api.w.org\/{rel}","templated":true}]}}