{"id":110592,"date":"2020-05-19T06:00:00","date_gmt":"2020-05-19T06:00:00","guid":{"rendered":"https:\/\/plazajuarez.mx\/?p=110592"},"modified":"2020-05-19T04:27:44","modified_gmt":"2020-05-19T04:27:44","slug":"condenan-agresion-contra-quienes-cuidan-nuestra-salud","status":"publish","type":"post","link":"https:\/\/plazajuarez.mx\/historico\/condenan-agresion-contra-quienes-cuidan-nuestra-salud\/","title":{"rendered":"Condenan agresi\u00f3n \u201ccontra quienes cuidan nuestra salud\u201d"},"content":{"rendered":"\n<ul class=\"wp-block-list\"><li><strong>La frase es del alcalde de Tula, Gadoth Tapia Ben\u00edtez, \u201cen nuestras manos est\u00e1 el proteger la salud de todas y todos&nbsp;<\/strong><\/li><\/ul>\n\n\n\n<!--more-->\n\n\n\n<p>El alcalde de Tula, Ismael Gadoth Tapia Ben\u00edtez, conden\u00f3 los hechos&nbsp; que sufri\u00f3 el personal m\u00e9dico del hospital regional, por un paciente que dio positivo al Covid-19 y quien minutos antes que intentara atentar contra su propia vida agredi\u00f3 a los trabajadores de la salud, por lo que lament\u00f3 lo sucedido y lo calific\u00f3 de indignante: \u201cCondenamos est\u00e1 y cualquier agresi\u00f3n a quienes hoy est\u00e1n en la primera l\u00ednea en defensa de nuestra salud\u201d.&nbsp;<\/p>\n\n\n\n<p>Dijo que cualquier caso de agresi\u00f3n y hostigamiento a m\u00e9dicos y enfermeras es indignante y lamentable y debe ser sancionado, al tiempo que reiter\u00f3 el respaldo al personal m\u00e9dico, y reprob\u00f3 este tipo de agresiones.<\/p>\n\n\n\n<p>Exhort\u00f3 a privilegiar la cultura de la prevenci\u00f3n y del respeto a quienes cuidan nuestra salud.<\/p>\n\n\n\n<p>Se\u00f1al\u00f3 que se tiene trabajo coordinado con Gobierno del Estado y dependencias estatales, as\u00ed como con la Guardia Nacional, y el municipio, el apoyo en el resguardo y presencia en las instalaciones m\u00e9dicas para mayor seguridad.&nbsp;<\/p>\n\n\n\n<p>Recalc\u00f3: \u201cestamos entrando a las semanas de mayor carga viral y de mayor contagio\u201d y a\u00f1adi\u00f3: \u201cnuestro deber como sociedad es acatar las medidas sanitarias dictadas por la autoridad de Salud para frenar los contagios y no colapsar el sistema de salud\u201d.<\/p>\n","protected":false},"excerpt":{"rendered":"<p>La frase es del alcalde de Tula, Gadoth Tapia Ben\u00edtez, \u201cen nuestras manos est\u00e1 el proteger la salud de todas y todos&nbsp;<\/p>\n","protected":false},"author":71,"featured_media":0,"comment_status":"closed","ping_status":"open","sticky":false,"template":"","format":"standard","meta":{"footnotes":""},"categories":[40],"tags":[],"class_list":["post-110592","post","type-post","status-publish","format-standard","hentry","category-region"],"_links":{"self":[{"href":"https:\/\/plazajuarez.mx\/historico\/wp-json\/wp\/v2\/posts\/110592","targetHints":{"allow":["GET"]}}],"collection":[{"href":"https:\/\/plazajuarez.mx\/historico\/wp-json\/wp\/v2\/posts"}],"about":[{"href":"https:\/\/plazajuarez.mx\/historico\/wp-json\/wp\/v2\/types\/post"}],"author":[{"embeddable":true,"href":"https:\/\/plazajuarez.mx\/historico\/wp-json\/wp\/v2\/users\/71"}],"replies":[{"embeddable":true,"href":"https:\/\/plazajuarez.mx\/historico\/wp-json\/wp\/v2\/comments?post=110592"}],"version-history":[{"count":0,"href":"https:\/\/plazajuarez.mx\/historico\/wp-json\/wp\/v2\/posts\/110592\/revisions"}],"wp:attachment":[{"href":"https:\/\/plazajuarez.mx\/historico\/wp-json\/wp\/v2\/media?parent=110592"}],"wp:term":[{"taxonomy":"category","embeddable":true,"href":"https:\/\/plazajuarez.mx\/historico\/wp-json\/wp\/v2\/categories?post=110592"},{"taxonomy":"post_tag","embeddable":true,"href":"https:\/\/plazajuarez.mx\/historico\/wp-json\/wp\/v2\/tags?post=110592"}],"curies":[{"name":"wp","href":"https:\/\/api.w.org\/{rel}","templated":true}]}}