{"id":110591,"date":"2020-05-19T06:00:00","date_gmt":"2020-05-19T06:00:00","guid":{"rendered":"https:\/\/plazajuarez.mx\/?p=110591"},"modified":"2020-05-19T04:26:34","modified_gmt":"2020-05-19T04:26:34","slug":"exponen-complicaciones-en-profesores-y-tutores-para-trabajar-a-distancia","status":"publish","type":"post","link":"https:\/\/plazajuarez.mx\/historico\/exponen-complicaciones-en-profesores-y-tutores-para-trabajar-a-distancia\/","title":{"rendered":"Exponen complicaciones en profesores y tutores para trabajar a distancia"},"content":{"rendered":"\n<ul class=\"wp-block-list\"><li><strong>\u201cConfirmamos por qu\u00e9 tenemos ni\u00f1os problema, vienen de padres que no ponen atenci\u00f3n en su educaci\u00f3n\u201d: profesor<\/strong><\/li><\/ul>\n\n\n\n<!--more-->\n\n\n\n<p>Profesores, padres de familia e incluso alumnos de primaria y secundaria, reconocieron que est\u00e1n enfrentando complicaciones para llevar a cabo el plan de la Secretar\u00eda de Educaci\u00f3n P\u00fablica (SEP) para seguir la educaci\u00f3n a distancia.<\/p>\n\n\n\n<p>La contingencia sanitaria oblig\u00f3 a improvisar estrategias que permitieran continuar con la ense\u00f1anza de los estudiantes sin salir de casa; sin embargo, las condiciones no est\u00e1n dadas en muchos casos.<\/p>\n\n\n\n<p>Al entrevistar a algunos profesores que pidieron mantener el anonimato, expresaron que en el nivel primaria, el apoyo de los padres en la modalidad a distancia, es crucial, pero no todos han respondido de la mejor manera.<\/p>\n\n\n\n<p><strong>&#8220;NO TODOS LOS ALUMNOS CUENTAN CON LOS MISMOS MEDIOS&#8221;<\/strong><\/p>\n\n\n\n<p>\u201cEl problema de trabajar en una escuela p\u00fablica, es que no todos los alumnos cuentan con los mismos medios para seguir el ritmo del curso, en mi caso planeo actividades sencillas que puedan realizar en su domicilio y lleven un aprendizaje para la vida, no impresiones, ni copias, ni ese tipo de actividades para que respeten el qu\u00e9date en casa, adem\u00e1s de no generar gastos, pero algunos, de hecho, no tienen ni para empezar, es decir, celulares o computadora, en mi grupo env\u00edan fotos de sus actividades por WhatsApp\u201d, dijo profesora de primaria.<\/p>\n\n\n\n<p>Reconoci\u00f3 que ha sido complicado porque han supuesto una forma de ense\u00f1anza para la cual no estaban preparados. \u201cNos hemos tenido que ir adaptando a la situaci\u00f3n por momentos\u201d.<\/p>\n\n\n\n<p>Otra docente de una escuela p\u00fablica en Tulancingo, coincidi\u00f3 en que hay dificultades porque no est\u00e1n acostumbrados a lo virtual y consider\u00f3 que son mejores las actividades presenciales.<\/p>\n\n\n\n<p>\u201cNos complica mucho que los padres de familia no tienen tiempo para apoyar a sus hijos y explicarles algunas cosas, yo les reviso diariamente, pero no todos mandan las evidencias, algunos dicen que no tienen internet, no tienen celular, no cuentan con la aplicaci\u00f3n o no tienen saldo en su dispositivo\u201d.<\/p>\n\n\n\n<p><strong>&#8220;PADRES MANDAN HASTA LA MEDIANOCHE LOS TRABAJOS&#8221;<\/strong><\/p>\n\n\n\n<p>Igualmente, un profesor se\u00f1al\u00f3 que no se cumple al 100 por ciento los objetivos porque no hay todos los elementos. \u201cLas actividades son programadas por d\u00eda y los archivos para planear las actividades nos las manda la SEP y es lo que normalmente se realiza en un d\u00eda de clase. Se manda la ficha para trabajar y las actividades o alg\u00fan cuadernillo para imprimir sus ejercicios o trabajar en libreta o libros\u201d.<\/p>\n\n\n\n<p>Un profesor de sexto grado, de escuela p\u00fablica, dijo encontrar dificultades en la falta de apoyo con los padres, pues refiri\u00f3 que las actividades no son complicadas, pero quiz\u00e1 el tiempo de los padres de familia no ha sido el adecuado.<\/p>\n\n\n\n<p>\u201cPor mi parte, desde las 8:00 horas les env\u00edo las actividades a realizar, y hay unos padres que antes de las 10:00 horas me mandan las actividades realizadas con las evidencias, pero otros, en ocasiones las mandan pasada la media noche\u201d.<\/p>\n\n\n\n<p>\u201cLamentablemente, aqu\u00ed confirmamos por qu\u00e9 tenemos ni\u00f1os problema, viene de los padres que no ponen atenci\u00f3n en su educaci\u00f3n y ven a la escuela como una guarder\u00eda para que ellos hagan otras actividades\u201d, puntualiz\u00f3.<\/p>\n\n\n\n<p><strong>LAS RAZONES DE UNA MADRE<\/strong><\/p>\n\n\n\n<p>Brenda Aguirre, madre de familia, admiti\u00f3 que es un gran reto porque ella no ha dejado de trabajar, es madre soltera, tiene a su cargo una farmacia y debe llegar a realizar las actividades con su hija de ocho a\u00f1os.<\/p>\n\n\n\n<p>\u201cHay actividades que me quedan claras, pero hay otras que aun cuando son sencillas, no logro entender como las quiere la profesora. Me estreso s\u00ed, a veces en el grupo de WhatsApp discutimos, pero entiendo que es por la falta de costumbre a esta modalidad\u201d.<\/p>\n\n\n\n<p>Sara Lazcano, madre soltera y trabajadora, coincidi\u00f3 con estas dificultades y reconoci\u00f3 que hay compa\u00f1eros de su hija que si han cumplido con las actividades al 100 por ciento, pero tienen el apoyo de su esposo.<\/p>\n\n\n\n<p>\u201cYo tengo que salir a trabajar, mi madre me apoya en el cuidado de mi hija, pero no en las actividades, pues ya no tiene la paciencia ni la habilidad para explicar, apenas curs\u00f3 el cuarto a\u00f1o de primaria\u201d.<\/p>\n\n\n\n<p><strong>POCOS PROBLEMAS, EN ALUMNOS DE SECUNDARIA<\/strong><\/p>\n\n\n\n<p>En el caso del nivel secundaria, la situaci\u00f3n cambia un poco porque los alumnos est\u00e1n m\u00e1s adaptados a la tecnolog\u00eda, son ellos los que entran a la plataforma y realizan sus actividades. Su \u00fanico problema es a veces la conexi\u00f3n a internet.<\/p>\n","protected":false},"excerpt":{"rendered":"<p>\u201cConfirmamos por qu\u00e9 tenemos ni\u00f1os problema, vienen de padres que no ponen atenci\u00f3n en su educaci\u00f3n\u201d: profesor<\/p>\n","protected":false},"author":70,"featured_media":0,"comment_status":"closed","ping_status":"open","sticky":false,"template":"","format":"standard","meta":{"footnotes":""},"categories":[40],"tags":[],"class_list":["post-110591","post","type-post","status-publish","format-standard","hentry","category-region"],"_links":{"self":[{"href":"https:\/\/plazajuarez.mx\/historico\/wp-json\/wp\/v2\/posts\/110591","targetHints":{"allow":["GET"]}}],"collection":[{"href":"https:\/\/plazajuarez.mx\/historico\/wp-json\/wp\/v2\/posts"}],"about":[{"href":"https:\/\/plazajuarez.mx\/historico\/wp-json\/wp\/v2\/types\/post"}],"author":[{"embeddable":true,"href":"https:\/\/plazajuarez.mx\/historico\/wp-json\/wp\/v2\/users\/70"}],"replies":[{"embeddable":true,"href":"https:\/\/plazajuarez.mx\/historico\/wp-json\/wp\/v2\/comments?post=110591"}],"version-history":[{"count":0,"href":"https:\/\/plazajuarez.mx\/historico\/wp-json\/wp\/v2\/posts\/110591\/revisions"}],"wp:attachment":[{"href":"https:\/\/plazajuarez.mx\/historico\/wp-json\/wp\/v2\/media?parent=110591"}],"wp:term":[{"taxonomy":"category","embeddable":true,"href":"https:\/\/plazajuarez.mx\/historico\/wp-json\/wp\/v2\/categories?post=110591"},{"taxonomy":"post_tag","embeddable":true,"href":"https:\/\/plazajuarez.mx\/historico\/wp-json\/wp\/v2\/tags?post=110591"}],"curies":[{"name":"wp","href":"https:\/\/api.w.org\/{rel}","templated":true}]}}