{"id":110589,"date":"2020-05-19T06:00:00","date_gmt":"2020-05-19T06:00:00","guid":{"rendered":"https:\/\/plazajuarez.mx\/?p=110589"},"modified":"2020-05-19T04:23:04","modified_gmt":"2020-05-19T04:23:04","slug":"comerciantes-se-pronuncian-en-la-ssph-y-exigen-la-desaparicion-del-hoy-no-circula","status":"publish","type":"post","link":"https:\/\/plazajuarez.mx\/historico\/comerciantes-se-pronuncian-en-la-ssph-y-exigen-la-desaparicion-del-hoy-no-circula\/","title":{"rendered":"Comerciantes se pronuncian en la SSPH y exigen la desaparici\u00f3n del Hoy no Circula"},"content":{"rendered":"\n<p><strong>Refirieron que el programa Hoy no Circula, es una medida que afecta a los comerciantes<\/strong><\/p>\n\n\n\n<!--more-->\n\n\n\n<p>La ma\u00f1ana de ayer un grupo aproximado de 200 presuntos comerciantes bloquearon el acceso a la Secretar\u00eda de Seguridad P\u00fablica del estado de Hidalgo, en protesta para exigir la suspensi\u00f3n del Programa Hoy no Circula.<\/p>\n\n\n\n<p>En la manifestaci\u00f3n de militantes de la Uni\u00f3n Nacional de Trabajadores Agr\u00edcolas, se observ\u00f3 que Manuel Canales encabezaba a los inconformes.<\/p>\n\n\n\n<p>As\u00ed mismo, refirieron que Hoy no Circula es una medida que afecta a los comerciantes, ya que no pueden trasladarse en sus unidades diariamente para tratar de vender sus productos.<\/p>\n\n\n\n<p>En la protestas pidieron una reuni\u00f3n para llegar a un acuerdo con el secretario de Seguridad P\u00fablica del Estado, Mauricio Delmar Saavedra.<\/p>\n\n\n\n<p>El grupo de manifestantes solicit\u00f3 que se permita el tr\u00e1nsito libre para realizar su trabajo durante la emergencia sanitaria implementada para tratar de contener la pandemia del covid-19.<\/p>\n","protected":false},"excerpt":{"rendered":"<p>Refirieron que el programa Hoy no Circula, es una medida que afecta a los comerciantes<\/p>\n","protected":false},"author":93,"featured_media":0,"comment_status":"closed","ping_status":"open","sticky":false,"template":"","format":"standard","meta":{"footnotes":""},"categories":[37],"tags":[],"class_list":["post-110589","post","type-post","status-publish","format-standard","hentry","category-barandilla"],"_links":{"self":[{"href":"https:\/\/plazajuarez.mx\/historico\/wp-json\/wp\/v2\/posts\/110589","targetHints":{"allow":["GET"]}}],"collection":[{"href":"https:\/\/plazajuarez.mx\/historico\/wp-json\/wp\/v2\/posts"}],"about":[{"href":"https:\/\/plazajuarez.mx\/historico\/wp-json\/wp\/v2\/types\/post"}],"author":[{"embeddable":true,"href":"https:\/\/plazajuarez.mx\/historico\/wp-json\/wp\/v2\/users\/93"}],"replies":[{"embeddable":true,"href":"https:\/\/plazajuarez.mx\/historico\/wp-json\/wp\/v2\/comments?post=110589"}],"version-history":[{"count":0,"href":"https:\/\/plazajuarez.mx\/historico\/wp-json\/wp\/v2\/posts\/110589\/revisions"}],"wp:attachment":[{"href":"https:\/\/plazajuarez.mx\/historico\/wp-json\/wp\/v2\/media?parent=110589"}],"wp:term":[{"taxonomy":"category","embeddable":true,"href":"https:\/\/plazajuarez.mx\/historico\/wp-json\/wp\/v2\/categories?post=110589"},{"taxonomy":"post_tag","embeddable":true,"href":"https:\/\/plazajuarez.mx\/historico\/wp-json\/wp\/v2\/tags?post=110589"}],"curies":[{"name":"wp","href":"https:\/\/api.w.org\/{rel}","templated":true}]}}