{"id":110536,"date":"2020-05-19T06:00:00","date_gmt":"2020-05-19T06:00:00","guid":{"rendered":"https:\/\/plazajuarez.mx\/?p=110536"},"modified":"2020-05-19T03:35:48","modified_gmt":"2020-05-19T03:35:48","slug":"eu-dice-que-la-oms-fracaso-en-su-mision","status":"publish","type":"post","link":"https:\/\/plazajuarez.mx\/historico\/eu-dice-que-la-oms-fracaso-en-su-mision\/","title":{"rendered":"EU dice que la OMS &#8220;fracas\u00f3 en su misi\u00f3n&#8221;"},"content":{"rendered":"\n<ul class=\"wp-block-list\"><li><strong>&#8220;No consigui\u00f3 suficiente informaci\u00f3n para atender al mundo, y murieron muchas personas&#8221;<\/strong><\/li><\/ul>\n\n\n\n<!--more-->\n\n\n\n<p>El secretario de Sanidad de EU, Alex Azar, asegur\u00f3 ayer en la asamblea de la Organizaci\u00f3n Mundial de la Salud (OMS) que este organismo &#8220;fracas\u00f3 en su misi\u00f3n&#8221; de compartir informaci\u00f3n con la comunidad internacional sobre la pandemia, y pidi\u00f3 que asuma sus responsabilidades por ello.<\/p>\n\n\n\n<p>&#8220;Esto no puede volver a ocurrir, la OMS debe ser mucho m\u00e1s transparente y rendir cuentas&#8221;, a\u00f1adi\u00f3 en su intervenci\u00f3n por videoconferencia ante la asamblea anual, que este a\u00f1o se celebra de forma virtual y est\u00e1 consagrada a coordinar respuestas contra la pandemia de Covid-19.<\/p>\n\n\n\n<p>En abril, el presidente estadounidense Donald Trump anunci\u00f3 un bloqueo de la contribuci\u00f3n de su gobierno a la OMS, por su desacuerdo en la gesti\u00f3n que el organismo ha llevado a cabo en la actual pandemia.<\/p>\n\n\n\n<p><strong>APOYOS POL\u00cdTICOS Y EVALUACI\u00d3N FORTALECEN A LA OMS&nbsp;<\/strong><\/p>\n\n\n\n<p>La OMS recibi\u00f3 ayer un claro apoyo de los pa\u00edses para seguir liderando la respuesta global a la pandemia, mientras que una primera evaluaci\u00f3n independiente aprueba su actuaci\u00f3n y se\u00f1ala que los pa\u00edses no pueden transferirle sus propias responsabilidades.<\/p>\n\n\n\n<p>&#8220;La respuesta de la Secretar\u00eda de la OMS al Covid-19 fue m\u00e1s r\u00e1pida que frente a las epidemias del SARS y del MERS (dos coronavirus anteriores que circularon entre humanos).<\/p>\n","protected":false},"excerpt":{"rendered":"<p>&#8220;No consigui\u00f3 suficiente informaci\u00f3n para atender al mundo, y murieron muchas personas&#8221;<\/p>\n","protected":false},"author":80,"featured_media":0,"comment_status":"closed","ping_status":"open","sticky":false,"template":"","format":"standard","meta":{"footnotes":""},"categories":[31],"tags":[],"class_list":["post-110536","post","type-post","status-publish","format-standard","hentry","category-orbe"],"_links":{"self":[{"href":"https:\/\/plazajuarez.mx\/historico\/wp-json\/wp\/v2\/posts\/110536","targetHints":{"allow":["GET"]}}],"collection":[{"href":"https:\/\/plazajuarez.mx\/historico\/wp-json\/wp\/v2\/posts"}],"about":[{"href":"https:\/\/plazajuarez.mx\/historico\/wp-json\/wp\/v2\/types\/post"}],"author":[{"embeddable":true,"href":"https:\/\/plazajuarez.mx\/historico\/wp-json\/wp\/v2\/users\/80"}],"replies":[{"embeddable":true,"href":"https:\/\/plazajuarez.mx\/historico\/wp-json\/wp\/v2\/comments?post=110536"}],"version-history":[{"count":0,"href":"https:\/\/plazajuarez.mx\/historico\/wp-json\/wp\/v2\/posts\/110536\/revisions"}],"wp:attachment":[{"href":"https:\/\/plazajuarez.mx\/historico\/wp-json\/wp\/v2\/media?parent=110536"}],"wp:term":[{"taxonomy":"category","embeddable":true,"href":"https:\/\/plazajuarez.mx\/historico\/wp-json\/wp\/v2\/categories?post=110536"},{"taxonomy":"post_tag","embeddable":true,"href":"https:\/\/plazajuarez.mx\/historico\/wp-json\/wp\/v2\/tags?post=110536"}],"curies":[{"name":"wp","href":"https:\/\/api.w.org\/{rel}","templated":true}]}}