{"id":110474,"date":"2020-05-18T16:29:43","date_gmt":"2020-05-18T16:29:43","guid":{"rendered":"https:\/\/plazajuarez.mx\/?p=110474"},"modified":"2020-05-18T16:30:46","modified_gmt":"2020-05-18T16:30:46","slug":"ya-falta-poco-para-declarar-que-se-domo-la-pandemia-amlo","status":"publish","type":"post","link":"https:\/\/plazajuarez.mx\/historico\/ya-falta-poco-para-declarar-que-se-domo-la-pandemia-amlo\/","title":{"rendered":"Ya falta poco para declarar que se dom\u00f3 la pandemia: AMLO"},"content":{"rendered":"\n<p><strong>El titular del Ejecutivo federal asegur\u00f3 que ya se pas\u00f3 a una fase intermedia &#8220;ya estamos en amarillo, a punto de pasar a verde&#8221;.<\/strong><\/p>\n\n\n\n<!--more-->\n\n\n\n<p>En este lunes donde inicia la reapertura de actividades en alrededor de 300 municipios libres de Covid-19 llamados &#8220;Municipios de la Esperanza&#8221;, el presidente Andr\u00e9s Manuel L\u00f3pez Obrador pidi\u00f3 a la poblaci\u00f3n un &#8220;\u00faltimo esfuerzo&#8221; para mantenerse en casa y seguir las recomendaciones de sana distancia, debido a que, asegur\u00f3, ya falta poco para declarar que se logr\u00f3 domar la pandemia del Covid-19.<\/p>\n\n\n\n<p><br>En conferencia de prensa en Palacio Nacional, el titular del Ejecutivo federal asegur\u00f3 que ya se pas\u00f3 a una fase intermedia &#8220;ya estamos en amarillo, a punto de pasar a verde&#8221;.<\/p>\n\n\n\n<p><br>&#8220;Para llegar a eso, a la nueva normalidad necesitamos seguir manteniendo disciplina, no relajar la disciplina, ya falta muy poco, tengo mucha fe, tengo muchas esperanzas de que vamos a terminar de domar la pandemia.<\/p>\n\n\n\n<p><br>&#8220;Ya estoy a punto de declarar, porque tengo que actuar de manera precavida, se trata de una epidemia grave, pero si ya pronto vamos a poder decir que por el apoyo de todo el pueblo logramos todos los mexicanos, todos, todos, que la pandemia no saturara nuestros hospitales, nuestra capacidad hospitalaria, que se logr\u00f3 la estrategia de domar la pandemia, alargarla, hacerla horizontal y que no nos rebasara y esto \u00bfc\u00f3mo se logr\u00f3? Pues con el cumplimiento de las recomendaciones, con la gente que se dej\u00f3 de movilizar y debemos de seguir as\u00ed hasta que las autoridades de salud nos digan &#8220;ya&#8221; en el sem\u00e1foro.<\/p>\n\n\n\n<p><br>&#8220;Ahora no, seguimos en rojo, ya pasamos a una fase intermedia, ya estamos en amarillo, a punto de pasar a verde&#8221;, dijo.<\/p>\n","protected":false},"excerpt":{"rendered":"<p>El titular del Ejecutivo federal asegur\u00f3 que ya se pas\u00f3 a una fase intermedia &#8220;ya estamos en amarillo, a punto de pasar a verde&#8221;.<\/p>\n","protected":false},"author":81,"featured_media":0,"comment_status":"closed","ping_status":"open","sticky":false,"template":"","format":"standard","meta":{"footnotes":""},"categories":[15,36],"tags":[],"class_list":["post-110474","post","type-post","status-publish","format-standard","hentry","category-destacadas","category-nacion"],"_links":{"self":[{"href":"https:\/\/plazajuarez.mx\/historico\/wp-json\/wp\/v2\/posts\/110474","targetHints":{"allow":["GET"]}}],"collection":[{"href":"https:\/\/plazajuarez.mx\/historico\/wp-json\/wp\/v2\/posts"}],"about":[{"href":"https:\/\/plazajuarez.mx\/historico\/wp-json\/wp\/v2\/types\/post"}],"author":[{"embeddable":true,"href":"https:\/\/plazajuarez.mx\/historico\/wp-json\/wp\/v2\/users\/81"}],"replies":[{"embeddable":true,"href":"https:\/\/plazajuarez.mx\/historico\/wp-json\/wp\/v2\/comments?post=110474"}],"version-history":[{"count":0,"href":"https:\/\/plazajuarez.mx\/historico\/wp-json\/wp\/v2\/posts\/110474\/revisions"}],"wp:attachment":[{"href":"https:\/\/plazajuarez.mx\/historico\/wp-json\/wp\/v2\/media?parent=110474"}],"wp:term":[{"taxonomy":"category","embeddable":true,"href":"https:\/\/plazajuarez.mx\/historico\/wp-json\/wp\/v2\/categories?post=110474"},{"taxonomy":"post_tag","embeddable":true,"href":"https:\/\/plazajuarez.mx\/historico\/wp-json\/wp\/v2\/tags?post=110474"}],"curies":[{"name":"wp","href":"https:\/\/api.w.org\/{rel}","templated":true}]}}