{"id":110401,"date":"2020-05-18T06:00:00","date_gmt":"2020-05-18T06:00:00","guid":{"rendered":"https:\/\/plazajuarez.mx\/?p=110401"},"modified":"2020-05-18T03:11:48","modified_gmt":"2020-05-18T03:11:48","slug":"alfil-negro-1832","status":"publish","type":"post","link":"https:\/\/plazajuarez.mx\/historico\/alfil-negro-1832\/","title":{"rendered":"ALFIL NEGRO"},"content":{"rendered":"\n<p><strong>TODO REINO, CIUDAD\u00a0O CASA DIVIDIDA, PERECER\u00c1<\/strong><\/p>\n\n\n\n<!--more-->\n\n\n\n<p>Ni la pandemia con sus m\u00e1s de 5 mil fallecidos y m\u00e1s de 47 mil contagiados, logr\u00f3 unir a nuestro pa\u00eds, y m\u00e1s bien&nbsp; sirvi\u00f3 para confrontar m\u00e1s a los mexicanos en una lucha de dos grupos bien claros: los que son del Grupo del Presidente y su 4T, y los que est\u00e1n en contra de su modo de gobernar.&nbsp;<\/p>\n\n\n\n<p>Y no hay unidad, ni un pa\u00eds con metas comunes, que en la actual pandemia&nbsp; enfrente como naci\u00f3n esta pandemia, \u00bfqu\u00e9 lastima tanto a nuestra gente?<\/p>\n\n\n\n<p>El libro sagrado es muy claro sobre lo que produce la desuni\u00f3n, cuando dice: &#8220;todo reino, ciudad o casa&nbsp; dividida, perecer\u00e1&#8221;, en el entendido de que la falta de unidad o clima de enfrentamiento, lleva irremediablemente al fracaso a los pueblos, sobre todo cuando de la unidad depende superar los retos y problemas, como en el caso presente del virus.<\/p>\n\n\n\n<p>Lo que se ve en nuestra sociedad, es una lucha diaria entre los dos grupos se\u00f1alados, que todos&nbsp; los d\u00edas se enfrentan sobre todo en redes sociales para exhibir, burlarse y denigrar al de enfrente.<\/p>\n\n\n\n<p>Las conferencias del Presidente se han convertido, por desgracia, en se\u00f1alamientos de quienes deben ser tundidos, se dice, por no estar de acuerdo con la 4T.<\/p>\n\n\n\n<p>Y el dedo presidencial ha se\u00f1alado a periodistas, medios de comunicaci\u00f3n, m\u00e9dicos, ingenieros, economistas, instituciones, organismos, empresarios, entre otros, que se convierten en objeto de caza por sus seguidores.<\/p>\n\n\n\n<p>Del otro grupo tampoco est\u00e1n mancos y con lupa le buscan y escudri\u00f1an lo que suponen errores, para tundirlo de fea manera.&nbsp;<\/p>\n\n\n\n<p>El resultado es un pueblo enfrentado en actitudes de los dos grupos, con la convicci\u00f3n de que el de enfrente no sirve y hay que acabarlo.<\/p>\n\n\n\n<p><strong>Y as\u00ed no se puede tener resultados buenos en casos como el del virus<\/strong><\/p>\n\n\n\n<p>Crecen la desconfianza, las dudas, el temor y la incredulidad de lo que digan o propongan los enfrentados.<\/p>\n\n\n\n<p>En el caso del virus, el gobierno federal dice una cosa o propone algo y los del otro grupo de inmediato cuestionan y rechazan lo que se dice, porque, se\u00f1alan, no son nacidas de la capacidad o de programas bien apoyados con personal, implementos m\u00e9dicos o presupuestos adecuados .<\/p>\n\n\n\n<p>Y la duda crece, porque la realidad, que no necesariamente son las cifras oficiales, dicen algunos, tiene tambi\u00e9n la versi\u00f3n de las familias afectadas, de los m\u00e9dicos que se\u00f1alan falta de apoyos reales y lo que no es oficial pero es la voz popular.<\/p>\n\n\n\n<p>Y as\u00ed no se puede salir del t\u00fanel, sin negar los avances que se deben tener.<\/p>\n\n\n\n<p><strong>Era una circunstancia que ni mandada a hacer para unir a M\u00e9xico,<\/strong><\/p>\n\n\n\n<p><strong>Parece que no se aprovech\u00f3. O por lo menos es lo que se ve.<\/strong><\/p>\n","protected":false},"excerpt":{"rendered":"<p>TODO REINO, CIUDAD\u00a0O CASA DIVIDIDA, PERECER\u00c1<\/p>\n","protected":false},"author":83,"featured_media":0,"comment_status":"closed","ping_status":"open","sticky":false,"template":"","format":"standard","meta":{"footnotes":""},"categories":[48,42],"tags":[],"class_list":["post-110401","post","type-post","status-publish","format-standard","hentry","category-adalberto-peralta","category-nuestrapalabra"],"_links":{"self":[{"href":"https:\/\/plazajuarez.mx\/historico\/wp-json\/wp\/v2\/posts\/110401","targetHints":{"allow":["GET"]}}],"collection":[{"href":"https:\/\/plazajuarez.mx\/historico\/wp-json\/wp\/v2\/posts"}],"about":[{"href":"https:\/\/plazajuarez.mx\/historico\/wp-json\/wp\/v2\/types\/post"}],"author":[{"embeddable":true,"href":"https:\/\/plazajuarez.mx\/historico\/wp-json\/wp\/v2\/users\/83"}],"replies":[{"embeddable":true,"href":"https:\/\/plazajuarez.mx\/historico\/wp-json\/wp\/v2\/comments?post=110401"}],"version-history":[{"count":0,"href":"https:\/\/plazajuarez.mx\/historico\/wp-json\/wp\/v2\/posts\/110401\/revisions"}],"wp:attachment":[{"href":"https:\/\/plazajuarez.mx\/historico\/wp-json\/wp\/v2\/media?parent=110401"}],"wp:term":[{"taxonomy":"category","embeddable":true,"href":"https:\/\/plazajuarez.mx\/historico\/wp-json\/wp\/v2\/categories?post=110401"},{"taxonomy":"post_tag","embeddable":true,"href":"https:\/\/plazajuarez.mx\/historico\/wp-json\/wp\/v2\/tags?post=110401"}],"curies":[{"name":"wp","href":"https:\/\/api.w.org\/{rel}","templated":true}]}}