{"id":110387,"date":"2020-05-18T06:00:00","date_gmt":"2020-05-18T06:00:00","guid":{"rendered":"https:\/\/plazajuarez.mx\/?p=110387"},"modified":"2020-05-18T03:03:23","modified_gmt":"2020-05-18T03:03:23","slug":"conciencia-ciudadana-18","status":"publish","type":"post","link":"https:\/\/plazajuarez.mx\/historico\/conciencia-ciudadana-18\/","title":{"rendered":"Conciencia Ciudadana"},"content":{"rendered":"\n<p><strong>En la c\u00faspide del combate<\/strong><\/p>\n\n\n\n<!--more-->\n\n\n\n<p>&nbsp;&nbsp;Esta semana y quiz\u00e1 la pr\u00f3xima veremos de qu\u00e9 pasta estamos hechos los mexicanos y la capacidad real y objetiva de la estrategia contra el Covid-19, implementada por el gobierno federal del presidente L\u00f3pez Obrador y ejecutada por las autoridades nacionales de salud, entre ellos los doctores Jorge Alcocer y Hugo L\u00f3pez Gatell, secretario y subsecretario de salud respectivamente.&nbsp;<\/p>\n\n\n\n<p>&nbsp;&nbsp;&nbsp;Como en todas las grandes batallas, el enemigo da todo cuanto puede para arrasar a la poblaci\u00f3n m\u00e1s inerme. Pero no es solamente el virus letal quien act\u00faa en nuestra contra; por desgracia,&nbsp; tiene aliados conscientes e inconscientes en la propia sociedad; entre ellos, la ignorancia, la desidia y el derrotismo de un numeroso sector de la poblaci\u00f3n, que intenta paliar al enemigo como si se tratara de un fantasma o un demonio, al cual basta con exorcizar o ignorar para deshacerse de su presencia. Desgraciadamente, todav\u00eda hay entre la poblaci\u00f3n quienes creen que con t\u00e9s de manzanilla o fomentos de alcohol alcanforado se puede terminar con la mortal enfermedad o algunos m\u00e1s sofisticados que est\u00e1n seguros de que no se trata m\u00e1s que de un cuento urdido por chinos, rusos o norteamericanos para someter al resto de la humanidad a su dominio.&nbsp;<\/p>\n\n\n\n<p>&nbsp;&nbsp;&nbsp;M\u00e1s all\u00e1 de la ignorancia se encuentra la mala fe de quienes, sin ignorar el peligro de la pandemia; buscan sacar raja de los reales o ficticios errores de quienes deben combatirla, desacreditando sus tareas con el prop\u00f3sito de abrir brechas en la credibilidad popular a costa del terrible mal. Los hay tambi\u00e9n quienes, desde el anonimato de las redes sociales, golpean d\u00eda a d\u00eda a las autoridades sanitarias acus\u00e1ndolas del n\u00famero de infectados, del mal servicio hospitalario o la letalidad alcanzada en el pa\u00eds con el solo fin de infundir miedo y rabia entre la poblaci\u00f3n m\u00e1s desvalida y expuesta a la enfermedad.&nbsp;<\/p>\n\n\n\n<p>&nbsp;&nbsp;&nbsp;Sin embargo, la mala fe alcanza proporciones de bestialidad y soberbia, inauditas en personajes como Donald Trump o Jair Bolsonaro, presidentes que no escatiman en utilizar la mentira, el odio o el miedo, para poner a salvo los intereses de los grandes capitales industriales y financieros, a costa de la vida de sus gobernados. Parad\u00f3jicamente, son los sectores de la poblaci\u00f3n m\u00e1s pobre los que responden favorablemente a los absurdos llamados de estos canallas, acusando de su mala suerte a los cient\u00edficos de la salud que les piden resguardarse antes que regresar al trabajo.&nbsp;&nbsp;<\/p>\n\n\n\n<p>&nbsp;&nbsp;&nbsp;Empero, cuando se pasa al terreno de la pol\u00edtica internacional, la mala fe alcanza proporciones gigantescas, al contraponer a un pueblo contra otro.&nbsp; En ese tenor, las naciones imperialistas tergiversan el sentido de la enfermedad al convertirla en parte de sus estrategias de confrontaci\u00f3n contra sus adversarios. Otra vez Trump es el campe\u00f3n de esa clase de ret\u00f3rica mentirosa, al servirse del Covid-19 como arma ideol\u00f3gica para&nbsp; acusar a China, su mayor adversario econ\u00f3mico, de ser el culpable de las desgracias vividas&nbsp; en los Estados Unidos -la naci\u00f3n m\u00e1s afectada del mundo por la peste-, tratando de ocultar que es la injusta repartici\u00f3n de la riqueza y el sistema social&nbsp; de su pa\u00eds quienes permiten que las empresas despidan sin contemplaciones a sus trabajadores, oblig\u00e1ndolos a sobrevivir con la estrecha ayuda social del gobierno; que los ha llevado a manifestarse violentamente para exigir que las empresas no cierren, pues en el \u00faltimo de los casos -bajo la l\u00f3gica retorcida del&nbsp; capitalismo-, importa m\u00e1s comer que vivir, cruel manifestaci\u00f3n de un sistema sin alma que se alimenta de la vida de sus propios integrantes.&nbsp;<\/p>\n\n\n\n<p>&nbsp;&nbsp;&nbsp;&nbsp;Bajo ese marco de referencia hemos de valorar en su justa dimensi\u00f3n la forma en que se ha conducido el combate contra la pandemia en M\u00e9xico. Por suerte, o intuici\u00f3n pasmosa, el pueblo mexicano decidi\u00f3 en 2018 terminar con los gobiernos neoliberales, fieles seguidores de esa pol\u00edtica antihumana que priva hoy lo mismo en Estados Unidos que en Europa; donde es evidente que importa m\u00e1s la protecci\u00f3n del capital que la de los seres humanos.&nbsp;<\/p>\n\n\n\n<p>Pese a encontrarnos a\u00fan inmersos en una crisis social y econ\u00f3mica heredada por los anteriores gobiernos, ha sido muy diferente el criterio que gu\u00eda al actual para enfrentar la crisis del coronavirus; que ha venido a agregar una tragedia m\u00e1s a la ya de por s\u00ed tr\u00e1gica situaci\u00f3n en la que recibi\u00f3 al pa\u00eds. Cierto es que es que ha sido imposible alcanzar los grados de eficacia y eficiencia deseables para hacer frente a la pandemia; pero lejos de considerar culpable al actual gobierno la cr\u00edtica debe dirigirse a los anteriores.&nbsp;<\/p>\n\n\n\n<p>El mismo presidente L\u00f3pez Obrador expres\u00f3, desde antes de la aparici\u00f3n del virus, que los hospitales se encontraban en peor estado que las escuelas, reinando en ellos la corrupci\u00f3n y la falta de personal e insumos indispensables para su labor. Anunci\u00f3 desde entonces un programa de mejoramiento de las instalaciones de salud y la creaci\u00f3n de una nueva escuela de medicina y enfermer\u00eda que alivie la ingente necesidad de personal m\u00e9dico en todo el pa\u00eds.&nbsp;<\/p>\n\n\n\n<p>Pero el Covid-19 aceler\u00f3 la crisis y ante ello, el presidente deleg\u00f3 certeramente su atenci\u00f3n en las autoridades de la salud y los mejores cient\u00edficos y m\u00e9dicos del pa\u00eds; ordenando, por otra parte, programas de protecci\u00f3n a la econom\u00eda popular mediante apoyos y pr\u00e9stamos a la poblaci\u00f3n m\u00e1s vulnerable. Ante la exigencia de los grandes capitales, ofreci\u00f3 incluirlos en proyectos de desarrollo, pero se neg\u00f3 a aceptar la demanda de los organismos financieros internacionales y del propio Banco de M\u00e9xico para reducir impuestos, condonar deudas fiscales o avalar pr\u00e9stamos privados. En suma, una pol\u00edtica dirigida a proteger los recursos de la naci\u00f3n y de los sectores m\u00e1s vulnerables y una justa retribuci\u00f3n a los inversionistas socialmente responsables.&nbsp;<\/p>\n\n\n\n<p>Los problemas, por supuesto, no cesan, lo mismo que las demandas sociales ante la ineficiencia, la ineptitud e incluso la corrupci\u00f3n que no dejan de da\u00f1ar la vida p\u00fablica. Pero la confianza social mayoritaria en la conducci\u00f3n de la naci\u00f3n del presidente L\u00f3pez Obrador sigue siendo el gran capital con el que \u00e9ste puede continuar adelante; encabezando una lucha a\u00fan desigual, pero esperanzadora, en los peores momentos de la historia moderna de M\u00e9xico.&nbsp;<\/p>\n\n\n\n<p><strong>Y RECUERDEN QUE, VIVOS SE LOS LLEVARON Y VIVOS LOS QUEREMOS CON NOSOTROS.&nbsp;&nbsp;<\/strong><\/p>\n","protected":false},"excerpt":{"rendered":"<p>En la c\u00faspide del combate<\/p>\n","protected":false},"author":85,"featured_media":0,"comment_status":"closed","ping_status":"open","sticky":false,"template":"","format":"standard","meta":{"footnotes":""},"categories":[55,42],"tags":[],"class_list":["post-110387","post","type-post","status-publish","format-standard","hentry","category-miguel-angel-serna","category-nuestrapalabra"],"_links":{"self":[{"href":"https:\/\/plazajuarez.mx\/historico\/wp-json\/wp\/v2\/posts\/110387","targetHints":{"allow":["GET"]}}],"collection":[{"href":"https:\/\/plazajuarez.mx\/historico\/wp-json\/wp\/v2\/posts"}],"about":[{"href":"https:\/\/plazajuarez.mx\/historico\/wp-json\/wp\/v2\/types\/post"}],"author":[{"embeddable":true,"href":"https:\/\/plazajuarez.mx\/historico\/wp-json\/wp\/v2\/users\/85"}],"replies":[{"embeddable":true,"href":"https:\/\/plazajuarez.mx\/historico\/wp-json\/wp\/v2\/comments?post=110387"}],"version-history":[{"count":0,"href":"https:\/\/plazajuarez.mx\/historico\/wp-json\/wp\/v2\/posts\/110387\/revisions"}],"wp:attachment":[{"href":"https:\/\/plazajuarez.mx\/historico\/wp-json\/wp\/v2\/media?parent=110387"}],"wp:term":[{"taxonomy":"category","embeddable":true,"href":"https:\/\/plazajuarez.mx\/historico\/wp-json\/wp\/v2\/categories?post=110387"},{"taxonomy":"post_tag","embeddable":true,"href":"https:\/\/plazajuarez.mx\/historico\/wp-json\/wp\/v2\/tags?post=110387"}],"curies":[{"name":"wp","href":"https:\/\/api.w.org\/{rel}","templated":true}]}}