{"id":110386,"date":"2020-05-18T06:00:00","date_gmt":"2020-05-18T06:00:00","guid":{"rendered":"https:\/\/plazajuarez.mx\/?p=110386"},"modified":"2020-05-18T12:05:00","modified_gmt":"2020-05-18T12:05:00","slug":"personal-medico-teme-tras-penoso-hecho","status":"publish","type":"post","link":"https:\/\/plazajuarez.mx\/historico\/personal-medico-teme-tras-penoso-hecho\/","title":{"rendered":"Personal m\u00e9dico teme tras penoso hecho en Tula"},"content":{"rendered":"\n<p><strong>La familia del paciente que intent\u00f3 suicidarse, puso en riesgo a todos; la poblaci\u00f3n ha mostrado agresividad en contra de los trabajadores de la salud&nbsp;<\/strong><\/p>\n\n\n\n<!--more-->\n\n\n\n<p>Tras los hechos de agresi\u00f3n que sufri\u00f3 el personal m\u00e9dico del hospital Regional Tula-Tepeji, por un paciente diagnosticado con Covid-19 y sus familiares, los primeros expresaron su preocupaci\u00f3n ante la falta de informaci\u00f3n de la gravedad de la enfermedad y se\u00f1alaron que ellos est\u00e1n haciendo todo lo humanamente posible por salvar vidas.<\/p>\n\n\n\n<p>M\u00e9dicos, enfermeras y dem\u00e1s personal que se encontraba de turno en el hospital cuando sucedieron los hechos ayer por la tarde, se\u00f1alaron que al enterarse de que el paciente se hab\u00eda arrojado del tercer piso, corrieron a auxiliarlo, ya que entre todos se apoyaron para vestirse con el equipo de protecci\u00f3n, pero que lamentablemente los familiares se alteraron, as\u00ed como otras personas que se encontraban afuera del hospital.<\/p>\n\n\n\n<p>Comentaron que les escucharon decir que los iban a quemar y a matar, y que el paciente como estaba alterado comenz\u00f3 a perseguirlos y que como pudieron comenzaron a correr por los pasillos para resguardarse, intern\u00e1ndose en el quir\u00f3fano, en toco y en las diversas \u00e1reas lo que provoc\u00f3 que muchas zonas del hospital se contaminaran.<\/p>\n\n\n\n<p>\u201cAl doctor que tiende a los pacientes de Covid-19, lo golpearon, lo intentaron ahorcar y por eso tenemos miedo de que los vuelvan agredir\u201d, por lo que determinaron que no van a laborar hasta que no est\u00e9 debidamente custodiado el hospital por fuerzas federales como la Guardia Nacional.&nbsp;<\/p>\n\n\n\n<p>Dieron a conocer que enviaron un documento al secretario de Salud, ya que todos est\u00e1n muy asustados por la contaminaci\u00f3n que se gener\u00f3 en todo el hospital, sumado a que la gente ha mostrado agresividad al personal m\u00e9dico ante la desinformaci\u00f3n que se ha generado o por la incredulidad de la gente.<\/p>\n\n\n\n<p>El personal m\u00e9dico con l\u00e1grimas pidi\u00f3 a la poblaci\u00f3n que se informen sobre la situaci\u00f3n real de la pandemia y que recapaciten que en estos momentos dif\u00edciles se requiere de la solidaridad de todos y sobre todo de que el personal m\u00e9dico est\u00e9 bien para seguir salvando vidas, ya que de lo contrario todo el Sector Salud colapsar\u00e1 ante el miedo y el no respeto a su trabajo y profesi\u00f3n. &nbsp;<\/p>\n","protected":false},"excerpt":{"rendered":"<p>La familia del paciente que intent\u00f3 suicidarse, puso en riesgo a todos; la poblaci\u00f3n ha mostrado agresividad en contra de los trabajadores de la salud&nbsp;<\/p>\n","protected":false},"author":71,"featured_media":0,"comment_status":"closed","ping_status":"open","sticky":false,"template":"","format":"standard","meta":{"footnotes":""},"categories":[15,40],"tags":[],"class_list":["post-110386","post","type-post","status-publish","format-standard","hentry","category-destacadas","category-region"],"_links":{"self":[{"href":"https:\/\/plazajuarez.mx\/historico\/wp-json\/wp\/v2\/posts\/110386","targetHints":{"allow":["GET"]}}],"collection":[{"href":"https:\/\/plazajuarez.mx\/historico\/wp-json\/wp\/v2\/posts"}],"about":[{"href":"https:\/\/plazajuarez.mx\/historico\/wp-json\/wp\/v2\/types\/post"}],"author":[{"embeddable":true,"href":"https:\/\/plazajuarez.mx\/historico\/wp-json\/wp\/v2\/users\/71"}],"replies":[{"embeddable":true,"href":"https:\/\/plazajuarez.mx\/historico\/wp-json\/wp\/v2\/comments?post=110386"}],"version-history":[{"count":0,"href":"https:\/\/plazajuarez.mx\/historico\/wp-json\/wp\/v2\/posts\/110386\/revisions"}],"wp:attachment":[{"href":"https:\/\/plazajuarez.mx\/historico\/wp-json\/wp\/v2\/media?parent=110386"}],"wp:term":[{"taxonomy":"category","embeddable":true,"href":"https:\/\/plazajuarez.mx\/historico\/wp-json\/wp\/v2\/categories?post=110386"},{"taxonomy":"post_tag","embeddable":true,"href":"https:\/\/plazajuarez.mx\/historico\/wp-json\/wp\/v2\/tags?post=110386"}],"curies":[{"name":"wp","href":"https:\/\/api.w.org\/{rel}","templated":true}]}}