{"id":110215,"date":"2020-05-17T06:00:00","date_gmt":"2020-05-17T06:00:00","guid":{"rendered":"https:\/\/plazajuarez.mx\/?p=110215"},"modified":"2020-05-17T05:12:06","modified_gmt":"2020-05-17T05:12:06","slug":"bomberos-realizan-labores-de-sanitizacion","status":"publish","type":"post","link":"https:\/\/plazajuarez.mx\/historico\/bomberos-realizan-labores-de-sanitizacion\/","title":{"rendered":"Bomberos realizan labores de sanitizaci\u00f3n"},"content":{"rendered":"\n<p class=\"wp-block-paragraph\"><strong>Ahora en \u00e1reas y espacios p\u00fablicos<\/strong><\/p>\n\n\n\n<!--more-->\n\n\n\n<p class=\"wp-block-paragraph\">Por tratarse de un tema fundamental en la preservaci\u00f3n de la salud, bomberos de Tulancingo avanzan en la sanitizaci\u00f3n de \u00e1reas y espacios p\u00fablicos, as\u00ed como en arterias donde se registra movilidad por la realizaci\u00f3n de actividades esenciales.<\/p>\n\n\n\n<p class=\"wp-block-paragraph\">Con la sanitizaci\u00f3n a base de cloro y agua, se persigue eliminar agentes y bacterias que pudieran estar adheridas a superficies con las que se haya tenido interacci\u00f3n y o contacto.<\/p>\n\n\n\n<p class=\"wp-block-paragraph\">Jes\u00fas Garc\u00eda \u00c1vila, director de Bomberos dijo que por instrucciones del presidente municipal, Fernando P\u00e9rez Rodr\u00edguez, se ha cumplido la labor de desinfecci\u00f3n en \u00e1reas de tr\u00e1nsito, as\u00ed como en lugares donde las personas efect\u00faan tr\u00e1mites y servicios, como el Mercado Solidaridad, las oficinas administrativas de la direcci\u00f3n de Tr\u00e1nsito Municipal, \u00e1reas de campo de la Comisi\u00f3n de Aguas y Alcantarillado del Municipio de Tulancingo (CAAMT), direcci\u00f3n de Limpias, Kiosco del Jard\u00edn La Floresta y cajas de cobro ubicadas en el Centro Cultural Ricardo Garibay.<\/p>\n\n\n\n<p class=\"wp-block-paragraph\">Otras \u00e1reas de actual desinfecci\u00f3n son los dispensarios m\u00e9dicos de los Centros de Desarrollo Comunitario, conocidos como pol\u00edgonos, ubicados en la Ca\u00f1ada, Metilatla y San Nicol\u00e1s, tomando en consideraci\u00f3n que parte del personal de estos espacios se mantiene en apoyo a medidas preventivas contra el Covid-19.<\/p>\n\n\n\n<p class=\"wp-block-paragraph\">Garc\u00eda \u00c1vila indic\u00f3 que el \u00e1mbito de protecci\u00f3n civil es un factor que se ha fomentado pues con ello la ciudadan\u00eda aprende sobre la autoprotecci\u00f3n y como sumarse a las acciones y estrategias para incrementar la seguridad personal, familiar y colectiva.<\/p>\n\n\n\n<p class=\"wp-block-paragraph\">El funcionario municipal puso a disposici\u00f3n los tel\u00e9fonos 7757537231 y 7757530131 en caso de ser necesaria la sanitizaci\u00f3n en alg\u00fan punto espec\u00edfico de la ciudad.<\/p>\n\n\n\n<p class=\"wp-block-paragraph\">Se reiter\u00f3 el compromiso del Gobierno municipal y de la corporaci\u00f3n en este momento de emergencia sanitaria donde lo m\u00e1s importante es cuidar la salud y la vida de la poblaci\u00f3n.<\/p>\n","protected":false},"excerpt":{"rendered":"<p>Ahora en \u00e1reas y espacios p\u00fablicos<\/p>\n","protected":false},"author":93,"featured_media":0,"comment_status":"closed","ping_status":"open","sticky":false,"template":"","format":"standard","meta":{"footnotes":""},"categories":[40],"tags":[],"class_list":["post-110215","post","type-post","status-publish","format-standard","hentry","category-region"],"_links":{"self":[{"href":"https:\/\/plazajuarez.mx\/historico\/wp-json\/wp\/v2\/posts\/110215","targetHints":{"allow":["GET"]}}],"collection":[{"href":"https:\/\/plazajuarez.mx\/historico\/wp-json\/wp\/v2\/posts"}],"about":[{"href":"https:\/\/plazajuarez.mx\/historico\/wp-json\/wp\/v2\/types\/post"}],"author":[{"embeddable":true,"href":"https:\/\/plazajuarez.mx\/historico\/wp-json\/wp\/v2\/users\/93"}],"replies":[{"embeddable":true,"href":"https:\/\/plazajuarez.mx\/historico\/wp-json\/wp\/v2\/comments?post=110215"}],"version-history":[{"count":0,"href":"https:\/\/plazajuarez.mx\/historico\/wp-json\/wp\/v2\/posts\/110215\/revisions"}],"wp:attachment":[{"href":"https:\/\/plazajuarez.mx\/historico\/wp-json\/wp\/v2\/media?parent=110215"}],"wp:term":[{"taxonomy":"category","embeddable":true,"href":"https:\/\/plazajuarez.mx\/historico\/wp-json\/wp\/v2\/categories?post=110215"},{"taxonomy":"post_tag","embeddable":true,"href":"https:\/\/plazajuarez.mx\/historico\/wp-json\/wp\/v2\/tags?post=110215"}],"curies":[{"name":"wp","href":"https:\/\/api.w.org\/{rel}","templated":true}]}}