{"id":110206,"date":"2020-05-17T06:00:00","date_gmt":"2020-05-17T06:00:00","guid":{"rendered":"https:\/\/plazajuarez.mx\/?p=110206"},"modified":"2020-05-17T04:59:16","modified_gmt":"2020-05-17T04:59:16","slug":"como-el-arte-reflejo-la-letal-pandemia-de-gripe-de-1918-2","status":"publish","type":"post","link":"https:\/\/plazajuarez.mx\/historico\/como-el-arte-reflejo-la-letal-pandemia-de-gripe-de-1918-2\/","title":{"rendered":"C\u00f3mo el arte reflej\u00f3 la letal pandemia de gripe de 1918"},"content":{"rendered":"\n<p><strong>A Egon Schiele y Gustav Klimt les toc\u00f3 vivir y (lamentablemente) morir durante la mal llamada \u201cGripe Espa\u00f1ola\u201d, pero las obras que dejaron para el mundo, vivir\u00e1n por siempre<\/strong><\/p>\n\n\n\n<!--more-->\n\n\n\n<p>El pintor Egon Schiele traz\u00f3 los \u00faltimos retratos de su maestro, Gustav Klimt, el 7 de febrero de 1918 en una morgue de Viena. El autor de &#8220;El beso&#8221; falleci\u00f3 un d\u00eda antes por una neumon\u00eda que muchos historiadores vinculan con la llamada &#8220;gripe espa\u00f1ola&#8221;.<\/p>\n\n\n\n<p>La llamada gripe espa\u00f1ola de 1918 -en realidad surgi\u00f3 en EEUU y sus soldados la llevaron en la I Guerra Mundial a Europa- es la mayor epidemia sufrida por la humanidad desde la peste negra medieval.<\/p>\n\n\n\n<p>Como en Espa\u00f1a, pa\u00eds neutral durante la contienda, se inform\u00f3 de la pandemia, al contrario que otros estados combatientes que impusieron la censura para no desmoralizar a sus tropas, se le dio el nombre de gripe espa\u00f1ola.<\/p>\n\n\n\n<p>Pese a su devastadora destrucci\u00f3n, &#8220;Familia&#8221; es una de las escas\u00edsimas obras que testimonian, si bien sin haberlo deseado, la ciega crueldad de una pandemia de gripe que mat\u00f3 a m\u00e1s personas que la Gran Guerra.<\/p>\n\n\n\n<p>Alexander Klee, comisario del Belvedere, reconoce el &#8220;simbolismo&#8221; de &#8220;Familia&#8221;, pero ese aspecto lo adquiri\u00f3 a posteriori debido a la muerte de todos los retratados.<\/p>\n\n\n\n<p><strong>CENSURA<\/strong><\/p>\n\n\n\n<p>Pese a que la gripe espa\u00f1ola fue un acontecimiento tan dram\u00e1tico, apenas tuvo reflejo en el mundo del arte.<\/p>\n\n\n\n<p>La pandemia de gripe coincidi\u00f3 con el \u00faltimo a\u00f1o de la I Guerra Mundial y la enfermedad mataba sobre todo a personas de entre 20 y 40 a\u00f1os, justo los que deb\u00edan ir al frente.<\/p>\n\n\n\n<p>&#8220;Ning\u00fan bando quer\u00eda informar sobre la gripe&#8221; para no desmoralizar a su poblaci\u00f3n, resume el experto.<\/p>\n\n\n\n<p>&#8220;La mayor\u00eda no supo siquiera que la pandemia hab\u00eda sido tan mortal, eso se supo m\u00e1s tarde&#8221;, sostiene Klee, lo que contrasta con la situaci\u00f3n de la Covid-19, en la que el mundo puede seguir minuto a minuto lo que sucede.<\/p>\n\n\n\n<p>De esta forma, la gripe espa\u00f1ola se record\u00f3 m\u00e1s como vivencia personal que como experiencia colectiva, no se vio como un desastre internacional sino como millones de peque\u00f1as tragedias privadas, como la de Schiele.<\/p>\n\n\n\n<p><strong>MUNCH<\/strong><\/p>\n\n\n\n<p>El pintor noruego Edvard Munch, autor de &#8220;El grito&#8221;, ha sido el otro gran artista que leg\u00f3 cuadros vinculados a una enfermedad que tambi\u00e9n sufri\u00f3, aunque pudo sobreponerse a ella.<\/p>\n\n\n\n<p>Cuando se recuper\u00f3 de la gripe espa\u00f1ola cre\u00f3 &#8220;Autorretrato con la gripe espa\u00f1ola&#8221; y &#8220;Autorretrato despu\u00e9s de la gripe espa\u00f1ola&#8221;, ambos de 1919 y conservados en el Museo Munch de Oslo.<\/p>\n\n\n\n<p>En el primero se ve a Munch envuelto en una bata, sentado en una silla de mimbre y con la cama deshecha al fondo. Tonalidades amarillas y ocres lo envuelven todo y hay una sensaci\u00f3n de aislamiento y enfermedad.<\/p>\n\n\n\n<p>Poco m\u00e1s tarde pint\u00f3 la secuela, en la que se le ve en primer plano y su rostro tiene un tono cetrino que parece reflejar los estragos de la enfermedad.<\/p>\n","protected":false},"excerpt":{"rendered":"<p>A Egon Schiele y Gustav Klimt les toc\u00f3 vivir y (lamentablemente) morir durante la mal llamada \u201cGripe Espa\u00f1ola\u201d, pero las obras que dejaron para el mundo, vivir\u00e1n por siempre<\/p>\n","protected":false},"author":80,"featured_media":0,"comment_status":"closed","ping_status":"open","sticky":false,"template":"","format":"standard","meta":{"footnotes":""},"categories":[41],"tags":[],"class_list":["post-110206","post","type-post","status-publish","format-standard","hentry","category-arteria-cultural"],"_links":{"self":[{"href":"https:\/\/plazajuarez.mx\/historico\/wp-json\/wp\/v2\/posts\/110206","targetHints":{"allow":["GET"]}}],"collection":[{"href":"https:\/\/plazajuarez.mx\/historico\/wp-json\/wp\/v2\/posts"}],"about":[{"href":"https:\/\/plazajuarez.mx\/historico\/wp-json\/wp\/v2\/types\/post"}],"author":[{"embeddable":true,"href":"https:\/\/plazajuarez.mx\/historico\/wp-json\/wp\/v2\/users\/80"}],"replies":[{"embeddable":true,"href":"https:\/\/plazajuarez.mx\/historico\/wp-json\/wp\/v2\/comments?post=110206"}],"version-history":[{"count":0,"href":"https:\/\/plazajuarez.mx\/historico\/wp-json\/wp\/v2\/posts\/110206\/revisions"}],"wp:attachment":[{"href":"https:\/\/plazajuarez.mx\/historico\/wp-json\/wp\/v2\/media?parent=110206"}],"wp:term":[{"taxonomy":"category","embeddable":true,"href":"https:\/\/plazajuarez.mx\/historico\/wp-json\/wp\/v2\/categories?post=110206"},{"taxonomy":"post_tag","embeddable":true,"href":"https:\/\/plazajuarez.mx\/historico\/wp-json\/wp\/v2\/tags?post=110206"}],"curies":[{"name":"wp","href":"https:\/\/api.w.org\/{rel}","templated":true}]}}