{"id":110205,"date":"2020-05-17T06:00:00","date_gmt":"2020-05-17T06:00:00","guid":{"rendered":"https:\/\/plazajuarez.mx\/?p=110205"},"modified":"2020-05-17T04:59:19","modified_gmt":"2020-05-17T04:59:19","slug":"la-cultura-regresa-a-pekin-bajo-estrictas-medidas-de-prevencion","status":"publish","type":"post","link":"https:\/\/plazajuarez.mx\/historico\/la-cultura-regresa-a-pekin-bajo-estrictas-medidas-de-prevencion\/","title":{"rendered":"La cultura regresa a Pek\u00edn bajo estrictas medidas de prevenci\u00f3n"},"content":{"rendered":"\n<p><strong>Aunque tratan, en la medida de lo posible, evitar la tan temida aglomeraci\u00f3n, son notorias sus ganas de respirar una bocanada de cultura despu\u00e9s de casi tres meses de par\u00f3n.<\/strong><\/p>\n\n\n\n<!--more-->\n\n\n\n<p>Un ni\u00f1o se quita la mascarilla y pinta en un bloc el &#8220;Caballo a galope&#8221; que Xu Beihong inmortaliz\u00f3 en 1948, mientras una sexagenaria insiste en las bondades de la caligraf\u00eda del hist\u00f3rico literato Su Shi: aunque a cuentagotas, la cultura ha regresado a Pek\u00edn con la apertura de varios museos esta semana.<\/p>\n\n\n\n<p>Desde el pasado mi\u00e9rcoles, el Museo Nacional de Arte acepta medio centenar de visitantes diarios, siempre y cuando guarden un metro de distancia de seguridad con otras personas, presenten un c\u00f3digo QR verde que certifique un buen estado de salud y usen mascarilla.<\/p>\n\n\n\n<p>Y quienes reserven con antelaci\u00f3n disponen de unas tres horas para recorrer el recinto antes de que finalice su turno: son las medidas de prevenci\u00f3n contra el coronavirus impuestas por las autoridades de la capital para ver una exposici\u00f3n que deb\u00eda abrir el 19 de enero, coincidiendo con el A\u00f1o Nuevo Chino.<\/p>\n\n\n\n<p>Tras pasar los pertinentes controles, los visitantes van pasando de sala en sala, y aunque tratan, en la medida de lo posible, evitar la tan temida aglomeraci\u00f3n, son notorias sus ganas de respirar una bocanada de cultura despu\u00e9s de casi tres meses de par\u00f3n.<\/p>\n\n\n\n<p>&#8220;Yo vengo aqu\u00ed desde 2015, he venido much\u00edsimos fines de semana, en vacaciones&#8230; he pasado mucho tiempo aqu\u00ed. Me gusta lo que transmite el museo, las obras que han tra\u00eddo. Pero tenemos que escuchar a los expertos, si la gente se relaja y no se cuida&#8230; hay que volver muy poco a poco a la normalidad&#8221;, comenta a Efe una visitante, Dong Qin.<\/p>\n\n\n\n<p>En otra sala se exhiben obras donadas por artistas de la Academia de Bellas Artes de China con el objetivo de &#8220;estudiar en profundidad y poner en la pr\u00e1ctica los importantes discursos del presidente chino, Xi Jinping, referidos al arte&#8230;&#8221;, mientras que otras estancias destacan por sus delicadas piezas de arte chino cl\u00e1sico.<\/p>\n\n\n\n<p>&#8220;El museo ha sacado sus tesoros m\u00e1s preciados, yo ten\u00eda pensado venir hace mucho tiempo. Esta exposici\u00f3n abri\u00f3 solo unos d\u00edas hasta que la cerraron por la epidemia. Cuando vi en Internet que el museo reabr\u00eda, reserv\u00e9 sin demora&#8221;, comenta a Efe otra visitante llamada Mu Xiaoli.<\/p>\n","protected":false},"excerpt":{"rendered":"<p>Aunque tratan, en la medida de lo posible, evitar la tan temida aglomeraci\u00f3n, son notorias sus ganas de respirar una bocanada de cultura despu\u00e9s de casi tres meses de par\u00f3n.<\/p>\n","protected":false},"author":80,"featured_media":0,"comment_status":"closed","ping_status":"open","sticky":false,"template":"","format":"standard","meta":{"footnotes":""},"categories":[41],"tags":[],"class_list":["post-110205","post","type-post","status-publish","format-standard","hentry","category-arteria-cultural"],"_links":{"self":[{"href":"https:\/\/plazajuarez.mx\/historico\/wp-json\/wp\/v2\/posts\/110205","targetHints":{"allow":["GET"]}}],"collection":[{"href":"https:\/\/plazajuarez.mx\/historico\/wp-json\/wp\/v2\/posts"}],"about":[{"href":"https:\/\/plazajuarez.mx\/historico\/wp-json\/wp\/v2\/types\/post"}],"author":[{"embeddable":true,"href":"https:\/\/plazajuarez.mx\/historico\/wp-json\/wp\/v2\/users\/80"}],"replies":[{"embeddable":true,"href":"https:\/\/plazajuarez.mx\/historico\/wp-json\/wp\/v2\/comments?post=110205"}],"version-history":[{"count":0,"href":"https:\/\/plazajuarez.mx\/historico\/wp-json\/wp\/v2\/posts\/110205\/revisions"}],"wp:attachment":[{"href":"https:\/\/plazajuarez.mx\/historico\/wp-json\/wp\/v2\/media?parent=110205"}],"wp:term":[{"taxonomy":"category","embeddable":true,"href":"https:\/\/plazajuarez.mx\/historico\/wp-json\/wp\/v2\/categories?post=110205"},{"taxonomy":"post_tag","embeddable":true,"href":"https:\/\/plazajuarez.mx\/historico\/wp-json\/wp\/v2\/tags?post=110205"}],"curies":[{"name":"wp","href":"https:\/\/api.w.org\/{rel}","templated":true}]}}