{"id":110203,"date":"2020-05-17T06:00:00","date_gmt":"2020-05-17T06:00:00","guid":{"rendered":"https:\/\/plazajuarez.mx\/?p=110203"},"modified":"2020-05-17T05:12:13","modified_gmt":"2020-05-17T05:12:13","slug":"incrementa-60-la-atencion-por-violencia-familiar","status":"publish","type":"post","link":"https:\/\/plazajuarez.mx\/historico\/incrementa-60-la-atencion-por-violencia-familiar\/","title":{"rendered":"Incrementa 60% la atenci\u00f3n por violencia familiar"},"content":{"rendered":"\n<p><strong>\u201cLa tendencia es al alza porque el encierro les produce ansiedad y estr\u00e9s, que detonan en conflictos\u201d<\/strong><\/p>\n\n\n\n<!--more-->\n\n\n\n<p>Entrevista con la titular de la Instancia Municipal para el Desarrollo de las Mujeres, Dafne Yamile Hern\u00e1ndez Gonz\u00e1lez<\/p>\n\n\n\n<p>La Instancia Municipal para el Desarrollo de las Mujeres de Tulancingo report\u00f3 que en los \u00faltimos 20 d\u00edas, ha atendido 287 casos de violencia intrafamiliar, tres de los cuales derivaron en el inicio de carpetas de investigaci\u00f3n.<\/p>\n\n\n\n<p>En entrevista, la titular de esta instancia, Dafne Yamile Hern\u00e1ndez Gonz\u00e1lez, reconoci\u00f3 que han registrado un aumento estimado del 60 por ciento, en atenciones a casos de violencia familiar.<\/p>\n\n\n\n<p>\u201cLa mayor\u00eda de casos que se han presentado, son de violencia econ\u00f3mica y psicol\u00f3gica, pero tambi\u00e9n hay de violencia f\u00edsica y otros donde el pap\u00e1 se lleva a los hijos, sin consentimiento de la madre\u201d.<\/p>\n\n\n\n<p>Hern\u00e1ndez Gonz\u00e1lez agreg\u00f3 que tienen tres casos en la instancia, por los que inici\u00f3 carpeta de investigaci\u00f3n y que contin\u00faan con el proceso.<\/p>\n\n\n\n<p>Lamentablemente, dijo, aunque saben que la violencia est\u00e1 aumentando, las mujeres no quieren denunciar a su pareja.<\/p>\n\n\n\n<p>Detall\u00f3 que del 21 de abril a la fecha, han atendido 287 casos de violencia econ\u00f3mica y psicol\u00f3gica, a trav\u00e9s de las \u00e1reas de trabajo social, psicolog\u00eda y asesor\u00eda legal.<\/p>\n\n\n\n<p>\u201cCuriosamente los casos de violencia econ\u00f3mica van en primer lugar, quiz\u00e1 sea el desempleo por la contingencia que ha generado reducci\u00f3n en la percepci\u00f3n econ\u00f3mica, le sigue la violencia psicol\u00f3gica y despu\u00e9s la f\u00edsica\u201d.<\/p>\n\n\n\n<p>Dafne Yamile Hern\u00e1ndez, lament\u00f3 que est\u00e9n cerrados los Juzgados de lo Familiar y no se puedan llevar a cabo los juicios en esa materia, ya que ha habido casos de sustracci\u00f3n de menor por parte del padre.<\/p>\n\n\n\n<p>\u201cEstamos viviendo situaciones complejas, la violencia intrafamiliar ha aumentado en un 60 por ciento, pero la tendencia es al alza porque el encierro les produce ansiedad y estr\u00e9s, que detonan en conflictos\u201d, finaliz\u00f3<\/p>\n","protected":false},"excerpt":{"rendered":"<p>\u201cLa tendencia es al alza porque el encierro les produce ansiedad y estr\u00e9s, que detonan en conflictos\u201d<\/p>\n","protected":false},"author":70,"featured_media":0,"comment_status":"closed","ping_status":"open","sticky":false,"template":"","format":"standard","meta":{"footnotes":""},"categories":[40],"tags":[],"class_list":["post-110203","post","type-post","status-publish","format-standard","hentry","category-region"],"_links":{"self":[{"href":"https:\/\/plazajuarez.mx\/historico\/wp-json\/wp\/v2\/posts\/110203","targetHints":{"allow":["GET"]}}],"collection":[{"href":"https:\/\/plazajuarez.mx\/historico\/wp-json\/wp\/v2\/posts"}],"about":[{"href":"https:\/\/plazajuarez.mx\/historico\/wp-json\/wp\/v2\/types\/post"}],"author":[{"embeddable":true,"href":"https:\/\/plazajuarez.mx\/historico\/wp-json\/wp\/v2\/users\/70"}],"replies":[{"embeddable":true,"href":"https:\/\/plazajuarez.mx\/historico\/wp-json\/wp\/v2\/comments?post=110203"}],"version-history":[{"count":0,"href":"https:\/\/plazajuarez.mx\/historico\/wp-json\/wp\/v2\/posts\/110203\/revisions"}],"wp:attachment":[{"href":"https:\/\/plazajuarez.mx\/historico\/wp-json\/wp\/v2\/media?parent=110203"}],"wp:term":[{"taxonomy":"category","embeddable":true,"href":"https:\/\/plazajuarez.mx\/historico\/wp-json\/wp\/v2\/categories?post=110203"},{"taxonomy":"post_tag","embeddable":true,"href":"https:\/\/plazajuarez.mx\/historico\/wp-json\/wp\/v2\/tags?post=110203"}],"curies":[{"name":"wp","href":"https:\/\/api.w.org\/{rel}","templated":true}]}}