{"id":110202,"date":"2020-05-17T06:00:00","date_gmt":"2020-05-17T06:00:00","guid":{"rendered":"https:\/\/plazajuarez.mx\/?p=110202"},"modified":"2020-05-17T05:26:43","modified_gmt":"2020-05-17T05:26:43","slug":"amlo-comparte-ensayo","status":"publish","type":"post","link":"https:\/\/plazajuarez.mx\/historico\/amlo-comparte-ensayo\/","title":{"rendered":"AMLO comparte ensayo"},"content":{"rendered":"\n<p><strong>Nuevo modelo econ\u00f3mico, \u201cPIB tiene que ir acompa\u00f1ado de la democracia, la justicia, la honestidad, la austeridad y el bienestar\u201d\u00a0<\/strong><\/p>\n\n\n\n<!--more-->\n\n\n\n<p>AMLO afirm\u00f3 que de acuerdo con su nuevo modelo econ\u00f3mico, basado en la felicidad del pueblo y dejar la medici\u00f3n de PIB, este tiene que ir acompa\u00f1ado de la democracia, la justicia, la honestidad, la austeridad y el bienestar.\u00a0<\/p>\n\n\n\n<p>En un video, desde Palacio Nacional, AMLO dio a conocer el ensayo, con el cual fundamenta su proyecto alternativo, &#8220;ante la decadencia, la crisis, el derrumbe del modelo neoliberal en el mundo no se puede repetir que no hay de otra, nosotros sostenemos que hay un proyecto alternativo distinto y es lo que estamos presentando, tiene como eje dejar de ver la econom\u00eda solo en funci\u00f3n del crecimiento econ\u00f3mico, no estar pensando que lo m\u00e1s importante es la medici\u00f3n que se hace del PIB, no.&nbsp;El crecimiento tiene que acompa\u00f1ado de la democracia, de la justicia, la honestidad, la austeridad y el bienestar. Es lo que explic\u00f3 en este ensayo&#8221;, refiri\u00f3.&nbsp;<\/p>\n\n\n\n<p>Dijo que en su en su ensayo explica a todos los sectores c\u00f3mo se saldr\u00e1 delante de la crisis econ\u00f3mica provocada por la pandemia, a trav\u00e9s de desplegar recursos a los que menos tienen y&nbsp; con la pr\u00f3xima entrada en vigor del T-MEC.&nbsp;&nbsp;<\/p>\n\n\n\n<p>&#8220;Si hay m\u00e1s dinero hay m\u00e1s apoyos abajo, si se dispersan recursos en la base se fortalece la capacidad de consumo de la gente y as\u00ed se mejora la industria y comercio, y se favorece a los sectores de m\u00e1s ingresos (\u2026) Aqu\u00ed hablo tambi\u00e9n c\u00f3mo ya con el TMEC se va a reactivar la econom\u00eda va a llegar m\u00e1s inversi\u00f3n extranjera&#8221;, dijo.&nbsp;<\/p>\n\n\n\n<p>&#8220;Una falla del modelo neoliberal es que no se tomaron en cuenta las realidades de cada pa\u00eds, la idiosincrasia de cada pueblo, sino fue a tabla rasa, eso no puede suceder, cada pa\u00eds debe tener su plan de desarrollo, de acuerdo a sus necesidades&#8221;.&nbsp;&nbsp;<\/p>\n\n\n\n<p>Asegur\u00f3 que durante la aplicaci\u00f3n del modelo neoliberal en M\u00e9xico no se tomaba en cuenta la gran corrupci\u00f3n que prevalec\u00eda, el derroche, los lujos, la ostentaci\u00f3n desde el mismo gobierno, los aviones de lujo, la parafernalia, lo exc\u00e9ntrico lo que no debe hacer un gobierno republicano y austero.<\/p>\n","protected":false},"excerpt":{"rendered":"<p>Nuevo modelo econ\u00f3mico, \u201cPIB tiene que ir acompa\u00f1ado de la democracia, la justicia, la honestidad, la austeridad y el bienestar\u201d\u00a0<\/p>\n","protected":false},"author":81,"featured_media":0,"comment_status":"closed","ping_status":"open","sticky":false,"template":"","format":"standard","meta":{"footnotes":""},"categories":[36],"tags":[],"class_list":["post-110202","post","type-post","status-publish","format-standard","hentry","category-nacion"],"_links":{"self":[{"href":"https:\/\/plazajuarez.mx\/historico\/wp-json\/wp\/v2\/posts\/110202","targetHints":{"allow":["GET"]}}],"collection":[{"href":"https:\/\/plazajuarez.mx\/historico\/wp-json\/wp\/v2\/posts"}],"about":[{"href":"https:\/\/plazajuarez.mx\/historico\/wp-json\/wp\/v2\/types\/post"}],"author":[{"embeddable":true,"href":"https:\/\/plazajuarez.mx\/historico\/wp-json\/wp\/v2\/users\/81"}],"replies":[{"embeddable":true,"href":"https:\/\/plazajuarez.mx\/historico\/wp-json\/wp\/v2\/comments?post=110202"}],"version-history":[{"count":0,"href":"https:\/\/plazajuarez.mx\/historico\/wp-json\/wp\/v2\/posts\/110202\/revisions"}],"wp:attachment":[{"href":"https:\/\/plazajuarez.mx\/historico\/wp-json\/wp\/v2\/media?parent=110202"}],"wp:term":[{"taxonomy":"category","embeddable":true,"href":"https:\/\/plazajuarez.mx\/historico\/wp-json\/wp\/v2\/categories?post=110202"},{"taxonomy":"post_tag","embeddable":true,"href":"https:\/\/plazajuarez.mx\/historico\/wp-json\/wp\/v2\/tags?post=110202"}],"curies":[{"name":"wp","href":"https:\/\/api.w.org\/{rel}","templated":true}]}}