{"id":110188,"date":"2020-05-17T06:00:00","date_gmt":"2020-05-17T06:00:00","guid":{"rendered":"https:\/\/plazajuarez.mx\/?p=110188"},"modified":"2020-05-17T04:53:14","modified_gmt":"2020-05-17T04:53:14","slug":"desaparecio-una-diputada-local-de-morena-en-colima","status":"publish","type":"post","link":"https:\/\/plazajuarez.mx\/historico\/desaparecio-una-diputada-local-de-morena-en-colima\/","title":{"rendered":"Desapareci\u00f3 una diputada local de Morena en Colima"},"content":{"rendered":"\n<p><strong>Diputados federales de Morena, exigen la aparici\u00f3n con vida de Francis Anel Bueno S\u00e1nchez<\/strong><\/p>\n\n\n\n<!--more-->\n\n\n\n<p>Desde el pasado 29 de abril desapareci\u00f3 la diputada local de Colima por Morena, Francis Anel Bueno S\u00e1nchez y las autoridades estatales mantienen hermetismo, por lo que el Congreso del Estado solicit\u00f3 a la Fiscal\u00eda General de la Rep\u00fablica atraer la investigaci\u00f3n para dar con el paradero de la legisladora. El Poder Legislativo notific\u00f3 a la Secretar\u00eda de Gobernaci\u00f3n de lo ocurrido y record\u00f3 que la Fiscal\u00eda de Colima no emiti\u00f3 la Alerta tras solicitud de la madre de la v\u00edctima.<\/p>\n\n\n\n<p>Diputados locales de Morena y PT se unen a la familia de Bueno S\u00e1nchez para exigir a la Fiscal\u00eda que esclarezca lo ocurrido, pues seg\u00fan versiones, la legisladora fue privada de su libertad por un grupo armado en Tamala, municipio de Ixtlahuac\u00e1n. La presidenta de la mesa directiva del Congreso, Araceli Garc\u00eda Muro, explic\u00f3 que aunque se sab\u00eda de lo ocurrido los diputados no se hab\u00edan pronunciado por sugerencia de la Fiscal\u00eda, que argument\u00f3 que pondr\u00eda en peligro a la v\u00edctima.<\/p>\n\n\n\n<p>Diputados federales de Morena, emitieron pronunciamiento en que exigen la aparici\u00f3n con vida de Bueno S\u00e1nchez y que la Fiscal\u00eda de Colima emita Alerta Alba solicitada por la familia. &#8220;Nos solidarizamos con su familia y con sus compa\u00f1eras y compa\u00f1eros legisladores y hacemos nuestra su demanda hacia las autoridades encargadas de la investigaci\u00f3n para que redoblen esfuerzos a fin de encontrar a Anel Bueno con celeridad&#8221;, se\u00f1ala el documento.<\/p>\n","protected":false},"excerpt":{"rendered":"<p>Diputados federales de Morena, exigen la aparici\u00f3n con vida de Francis Anel Bueno S\u00e1nchez<\/p>\n","protected":false},"author":81,"featured_media":0,"comment_status":"closed","ping_status":"open","sticky":false,"template":"","format":"standard","meta":{"footnotes":""},"categories":[37],"tags":[],"class_list":["post-110188","post","type-post","status-publish","format-standard","hentry","category-barandilla"],"_links":{"self":[{"href":"https:\/\/plazajuarez.mx\/historico\/wp-json\/wp\/v2\/posts\/110188","targetHints":{"allow":["GET"]}}],"collection":[{"href":"https:\/\/plazajuarez.mx\/historico\/wp-json\/wp\/v2\/posts"}],"about":[{"href":"https:\/\/plazajuarez.mx\/historico\/wp-json\/wp\/v2\/types\/post"}],"author":[{"embeddable":true,"href":"https:\/\/plazajuarez.mx\/historico\/wp-json\/wp\/v2\/users\/81"}],"replies":[{"embeddable":true,"href":"https:\/\/plazajuarez.mx\/historico\/wp-json\/wp\/v2\/comments?post=110188"}],"version-history":[{"count":0,"href":"https:\/\/plazajuarez.mx\/historico\/wp-json\/wp\/v2\/posts\/110188\/revisions"}],"wp:attachment":[{"href":"https:\/\/plazajuarez.mx\/historico\/wp-json\/wp\/v2\/media?parent=110188"}],"wp:term":[{"taxonomy":"category","embeddable":true,"href":"https:\/\/plazajuarez.mx\/historico\/wp-json\/wp\/v2\/categories?post=110188"},{"taxonomy":"post_tag","embeddable":true,"href":"https:\/\/plazajuarez.mx\/historico\/wp-json\/wp\/v2\/tags?post=110188"}],"curies":[{"name":"wp","href":"https:\/\/api.w.org\/{rel}","templated":true}]}}