{"id":110187,"date":"2020-05-17T06:00:00","date_gmt":"2020-05-17T06:00:00","guid":{"rendered":"https:\/\/plazajuarez.mx\/?p=110187"},"modified":"2020-05-17T04:52:55","modified_gmt":"2020-05-17T04:52:55","slug":"por-violencia-familiar-va-a-proceso-y-le-dan-prision","status":"publish","type":"post","link":"https:\/\/plazajuarez.mx\/historico\/por-violencia-familiar-va-a-proceso-y-le-dan-prision\/","title":{"rendered":"Por violencia familiar, va a proceso y le dan prisi\u00f3n"},"content":{"rendered":"\n<p><strong>El 7 de mayo de este a\u00f1o, Daniel \u201cN\u201d, perpetr\u00f3 la agresi\u00f3n en la colonia Pirules<\/strong><\/p>\n\n\n\n<!--more-->\n\n\n\n<p>Procuradur\u00eda General de Justicia del Estado de Hidalgo (PGJEH), mediante comunicado oficial, dio a conocer que obtuvo la vinculaci\u00f3n a proceso contra un hombre, luego de presentar ante el Juez de Control los datos de prueba por violencia familiar.<\/p>\n\n\n\n<p>El pasado 7 de mayo, el imputado identificado como Daniel \u201cN\u201d, presuntamente ingres\u00f3 al domicilio de su v\u00edctima, ubicado en la colonia Pirules, de Pachuca, para amenazarla con un arma blanca.<\/p>\n\n\n\n<p>Derivado de estos hechos, la agredida present\u00f3 formal denuncia por violencia familiar, motivo por el que la Subprocuradur\u00eda de Derechos Humanos y Servicios a la Comunidad, le brind\u00f3 apoyo a trav\u00e9s de un equipo multidisciplinario, en tanto el Ministerio P\u00fablico recab\u00f3 datos de prueba en contra del presunto agresor, presentados ante la autoridad judicial, quien dict\u00f3 su vinculaci\u00f3n a proceso.<\/p>\n\n\n\n<p>El Juez de Control le decret\u00f3 al imputado la medida cautelar de prisi\u00f3n preventiva oficiosa y fij\u00f3 dos meses de plazo para concluir la investigaci\u00f3n complementaria.<\/p>\n","protected":false},"excerpt":{"rendered":"<p>El 7 de mayo de este a\u00f1o, Daniel \u201cN\u201d, perpetr\u00f3 la agresi\u00f3n en la colonia Pirules<\/p>\n","protected":false},"author":93,"featured_media":0,"comment_status":"closed","ping_status":"open","sticky":false,"template":"","format":"standard","meta":{"footnotes":""},"categories":[37],"tags":[],"class_list":["post-110187","post","type-post","status-publish","format-standard","hentry","category-barandilla"],"_links":{"self":[{"href":"https:\/\/plazajuarez.mx\/historico\/wp-json\/wp\/v2\/posts\/110187","targetHints":{"allow":["GET"]}}],"collection":[{"href":"https:\/\/plazajuarez.mx\/historico\/wp-json\/wp\/v2\/posts"}],"about":[{"href":"https:\/\/plazajuarez.mx\/historico\/wp-json\/wp\/v2\/types\/post"}],"author":[{"embeddable":true,"href":"https:\/\/plazajuarez.mx\/historico\/wp-json\/wp\/v2\/users\/93"}],"replies":[{"embeddable":true,"href":"https:\/\/plazajuarez.mx\/historico\/wp-json\/wp\/v2\/comments?post=110187"}],"version-history":[{"count":0,"href":"https:\/\/plazajuarez.mx\/historico\/wp-json\/wp\/v2\/posts\/110187\/revisions"}],"wp:attachment":[{"href":"https:\/\/plazajuarez.mx\/historico\/wp-json\/wp\/v2\/media?parent=110187"}],"wp:term":[{"taxonomy":"category","embeddable":true,"href":"https:\/\/plazajuarez.mx\/historico\/wp-json\/wp\/v2\/categories?post=110187"},{"taxonomy":"post_tag","embeddable":true,"href":"https:\/\/plazajuarez.mx\/historico\/wp-json\/wp\/v2\/tags?post=110187"}],"curies":[{"name":"wp","href":"https:\/\/api.w.org\/{rel}","templated":true}]}}