{"id":110185,"date":"2020-05-17T06:00:00","date_gmt":"2020-05-17T06:00:00","guid":{"rendered":"https:\/\/plazajuarez.mx\/?p=110185"},"modified":"2020-05-17T04:52:59","modified_gmt":"2020-05-17T04:52:59","slug":"desaparecen-una-menor-de-edad-y-una-mujer-de-26-anos-las-buscan-afanosamente","status":"publish","type":"post","link":"https:\/\/plazajuarez.mx\/historico\/desaparecen-una-menor-de-edad-y-una-mujer-de-26-anos-las-buscan-afanosamente\/","title":{"rendered":"Desaparecen una menor de edad y una mujer de 26 a\u00f1os; las buscan afanosamente"},"content":{"rendered":"\n<p><strong>Sus familiares se encuentran muy angustiados; piden ayuda para localizarlas\u00a0<\/strong><\/p>\n\n\n\n<!--more-->\n\n\n\n<p>Guadalupe Montserrat Becerra \u00c1lvarez de 14 a\u00f1os, se encuentra desaparecida desde el 10 del mes y a\u00f1o en curso.<\/p>\n\n\n\n<p>La menor sali\u00f3 de su domicilio, ubicado Tlalminulpa, en el municipio de Atitalaquia y refiri\u00f3 a sus familiares que iba a Pachuca, pero ya no se supo m\u00e1s de ella y hasta el momento se desconoce su paradero.<\/p>\n\n\n\n<p>Como se\u00f1a particular, ella tiene un lunar en la mejilla izquierda y se le hacen hoyuelos en ambas mejillas.<\/p>\n\n\n\n<p>Por otra parte, Ver\u00f3nica Salinas Bautista, de 26 a\u00f1os de edad, tambi\u00e9n se encuentra desaparecida y sus familiares piden ayuda para tratar de localizarla.<\/p>\n\n\n\n<p>A ella, la \u00faltima ocasi\u00f3n que se le vio, fue el 12 del mes y a\u00f1o en curso, en la calle San Jos\u00e9, de la colonia Felipe \u00c1ngeles, del municipio de Tolcayuca.<\/p>\n\n\n\n<p>Al momento de su desaparici\u00f3n, Ver\u00f3nica vest\u00eda con un pantal\u00f3n azul marino de mezclilla, tipo pescador, una sudadera negra y tenis del mismo color.<\/p>\n","protected":false},"excerpt":{"rendered":"<p>Sus familiares se encuentran muy angustiados; piden ayuda para localizarlas\u00a0<\/p>\n","protected":false},"author":93,"featured_media":0,"comment_status":"closed","ping_status":"open","sticky":false,"template":"","format":"standard","meta":{"footnotes":""},"categories":[37],"tags":[],"class_list":["post-110185","post","type-post","status-publish","format-standard","hentry","category-barandilla"],"_links":{"self":[{"href":"https:\/\/plazajuarez.mx\/historico\/wp-json\/wp\/v2\/posts\/110185","targetHints":{"allow":["GET"]}}],"collection":[{"href":"https:\/\/plazajuarez.mx\/historico\/wp-json\/wp\/v2\/posts"}],"about":[{"href":"https:\/\/plazajuarez.mx\/historico\/wp-json\/wp\/v2\/types\/post"}],"author":[{"embeddable":true,"href":"https:\/\/plazajuarez.mx\/historico\/wp-json\/wp\/v2\/users\/93"}],"replies":[{"embeddable":true,"href":"https:\/\/plazajuarez.mx\/historico\/wp-json\/wp\/v2\/comments?post=110185"}],"version-history":[{"count":0,"href":"https:\/\/plazajuarez.mx\/historico\/wp-json\/wp\/v2\/posts\/110185\/revisions"}],"wp:attachment":[{"href":"https:\/\/plazajuarez.mx\/historico\/wp-json\/wp\/v2\/media?parent=110185"}],"wp:term":[{"taxonomy":"category","embeddable":true,"href":"https:\/\/plazajuarez.mx\/historico\/wp-json\/wp\/v2\/categories?post=110185"},{"taxonomy":"post_tag","embeddable":true,"href":"https:\/\/plazajuarez.mx\/historico\/wp-json\/wp\/v2\/tags?post=110185"}],"curies":[{"name":"wp","href":"https:\/\/api.w.org\/{rel}","templated":true}]}}