{"id":11015,"date":"2015-09-21T14:19:01","date_gmt":"2015-09-21T14:19:01","guid":{"rendered":"http:\/\/plazajuarez.mx\/index\/index.php\/2015\/09\/21\/mundo-deportivo-10\/"},"modified":"2015-09-21T14:19:01","modified_gmt":"2015-09-21T14:19:01","slug":"mundo-deportivo-10","status":"publish","type":"post","link":"https:\/\/plazajuarez.mx\/historico\/mundo-deportivo-10\/","title":{"rendered":"MUNDO DEPORTIVO"},"content":{"rendered":"<p>#GRAND PRIX DE TAEKWONDO<\/p>\n<p><strong>En gran momento, Sa\u00fal Guti\u00e9rrez se pinto de plata <\/strong><\/p>\n<ul>\n<li><strong>EL TAEKWONDO\u00cdN <\/strong>queretano inici\u00f3 su paso por la gr\u00e1fica de los 68 kilogramos derrotando al portugu\u00e9s Nuno Costa por marcador de 19-10, con lo cual inicio bien su camino.<\/li>\n<\/ul>\n<p><strong>\u00a0<\/strong><\/p>\n<p>  <!--more-->  <\/p>\n<p>\u00a0<\/p>\n<p><strong>\u201c<\/strong>De esta manera, Guti\u00e9rrez Macedo se anot\u00f3 24 puntos en la carrera rumbo a los Juegos Ol\u00edmpicos de R\u00edo de Janeiro 2016.\u201d<\/p>\n<p>\u00a0<\/p>\n<p>El medallista mundial Sa\u00fal Guti\u00e9rrez Macedo se colg\u00f3 este domingo la medalla de plata en la segunda fecha del Grand Prix de Taekwondo celebrada en Samsun, Turqu\u00eda, tras su combate ante el ruso Alexei Denisenko.<\/p>\n<p>\u00a0<\/p>\n<p>El taekwondo\u00edn queretano inici\u00f3 su paso por la gr\u00e1fica de los 68 kilogramos derrotando al portugu\u00e9s Nuno Costa por marcador de 19-10. Posteriormente se impuso sobre el chino Huang Jiannan 13 a 9 y sobre el turco Servet Tazegul 20 a 8.<\/p>\n<p>\u00a0<\/p>\n<p>En las semifinales, el tambi\u00e9n campe\u00f3n panamericano venci\u00f3 al iran\u00ed Abolfazl Yaghoubijouybari 18 a 10 para enfrentar en la final al bronce ol\u00edmpico Alexei Denisenko, quien lo derrot\u00f3 12 a 11.<\/p>\n<p>\u00a0<\/p>\n<p>En esta misma divisi\u00f3n, el veracruzano Abel Mendoza Mora sucumbi\u00f3 en los octavos de final ante el iran\u00ed Alireza Nassrazadany por marcador de 11-3, esto despu\u00e9s de vencer 11-7 al chipriota Ioannis Pilavakis.<\/p>\n<p>\u00a0<\/p>\n<p>Por su parte, la mexiquense Diana Lara N\u00fa\u00f1ez cay\u00f3 en su presentaci\u00f3n en los 57 kg ante la turca Durdane Altunel por marcador de 1-0.<\/p>\n<p>\u00a0<\/p>\n<p>De esta manera, Guti\u00e9rrez Macedo se anot\u00f3 24 puntos en la carrera rumbo a los Juegos Ol\u00edmpicos de R\u00edo de Janeiro 2016. Por su parte, la sinaloense Mar\u00eda del Rosario Espinoza y el chihuauense Carlos Rub\u00e9n Navarro Valdez sumaron 8.4 unidades por colocarse en quinto lugar; las sinaloenses Briseida Acosta Balarezo, Itzel Adilene Manjarrez Bastidas, el sonorense Ren\u00e9 Liz\u00e1rraga Valenzuela, el neoleon\u00e9s C\u00e9sar Rom\u00e1n Rodr\u00edguez Hern\u00e1ndez y Abel Mendoza consiguieron 6.05 puntos por ser novenos, y el poblano Misael L\u00f3pez Jaramillo y Diana Lara recibieron 4.23.<\/p>\n<p>\u00a0<\/p>\n<p>La siguiente parada de los taekwondo\u00ednes mexicanos ser\u00e1 la tercera fecha del circuito, que tendr\u00e1 lugar en M\u00e1nchester, Inglaterra, del 16 al 18 de octubre.<\/p>\n<p>\u00a0<\/p>\n<p>\u00a0<\/p>\n<p>\u00a0<\/p>\n<p>\u00a0<\/p>\n<p>**<\/p>\n<p>\u00a0<\/p>\n<p>#FUTBOL AMERICANO<\/p>\n<p>\u00a0<\/p>\n<p><strong>Romo en problemas; sale terriblemente lesionado de la clav\u00edcula<\/strong><\/p>\n<p>\u00a0<\/p>\n<p>Tony Romo, quarterback de los Dallas Cowboys, sali\u00f3 del partido contra las Philadelphia Eagles debido a una fractura en la clav\u00edcula del hombro izquierdo, por lo que sali\u00f3 del encuentro.<\/p>\n<p>\u00a0<\/p>\n<p>Los Cowboys anunciaron la gravedad de la lesi\u00f3n de su quarterback unos minutos despu\u00e9s de que fue llevado a los vestidores para realizarle una revisi\u00f3n en rayos equis, aunque se dio a conocer que ser\u00e1 sometido a una nueva prueba este lunes.<\/p>\n<p>Romo sufri\u00f3 la lesi\u00f3n con 9:44 por jugar en el \u00faltimo cuarto, cuando fue derribado por el linebacker Jordan Hicks. Romo inmediatamente se toc\u00f3 el hombro y luego de ser examinado por los m\u00e9dicos del equipo en el campo, fue llevado a los vestidores.<\/p>\n<p>Hicks tacle\u00f3 a Romo de forma que cay\u00f3 con todo el peso del cuerpo sobre el hombro. Fue la tercera captura que sufr\u00eda el pasador de los Cowboys en el cotejo, d\u00e1ndole la oportunidad a Brandon Weeden de llevar el ataque por el resto del encuentro.<\/p>\n<p>En 2010, Romo se perdi\u00f3 los \u00faltimos juegos de la temporada debido a otra dura lesi\u00f3n, pero en la r\u00f3tula. Igualmente perdi\u00f3 el encuentro final de 2013 por dolores en la espalda, la cual le impidi\u00f3 tomar parte en la pretemporada de 2014.<\/p>\n<p>Antes de salir del campo, Romo complet\u00f3 18 de 27 pases para 195 yardas. Los Cowboys ya ten\u00edan la baja del receptor Dez Bryant, quien estar\u00e1 fuera de actividad de 10 a 12 semanas.<\/p>\n<p>Brandon Wedden se hizo cargo de la ofensiva de los Cowboys.<\/p>\n","protected":false},"excerpt":{"rendered":"<p>#GRAND PRIX DE TAEKWONDO En gran momento, Sa\u00fal Guti\u00e9rrez se pinto de plata EL TAEKWONDO\u00cdN queretano inici\u00f3 su paso por la gr\u00e1fica de los 68 kilogramos derrotando al portugu\u00e9s Nuno Costa por marcador de 19-10, con lo cual inicio bien su camino. \u00a0<\/p>\n","protected":false},"author":93,"featured_media":0,"comment_status":"open","ping_status":"open","sticky":false,"template":"","format":"standard","meta":{"footnotes":""},"categories":[39],"tags":[],"class_list":["post-11015","post","type-post","status-publish","format-standard","hentry","category-deportiva"],"_links":{"self":[{"href":"https:\/\/plazajuarez.mx\/historico\/wp-json\/wp\/v2\/posts\/11015","targetHints":{"allow":["GET"]}}],"collection":[{"href":"https:\/\/plazajuarez.mx\/historico\/wp-json\/wp\/v2\/posts"}],"about":[{"href":"https:\/\/plazajuarez.mx\/historico\/wp-json\/wp\/v2\/types\/post"}],"author":[{"embeddable":true,"href":"https:\/\/plazajuarez.mx\/historico\/wp-json\/wp\/v2\/users\/93"}],"replies":[{"embeddable":true,"href":"https:\/\/plazajuarez.mx\/historico\/wp-json\/wp\/v2\/comments?post=11015"}],"version-history":[{"count":0,"href":"https:\/\/plazajuarez.mx\/historico\/wp-json\/wp\/v2\/posts\/11015\/revisions"}],"wp:attachment":[{"href":"https:\/\/plazajuarez.mx\/historico\/wp-json\/wp\/v2\/media?parent=11015"}],"wp:term":[{"taxonomy":"category","embeddable":true,"href":"https:\/\/plazajuarez.mx\/historico\/wp-json\/wp\/v2\/categories?post=11015"},{"taxonomy":"post_tag","embeddable":true,"href":"https:\/\/plazajuarez.mx\/historico\/wp-json\/wp\/v2\/tags?post=11015"}],"curies":[{"name":"wp","href":"https:\/\/api.w.org\/{rel}","templated":true}]}}