{"id":11014,"date":"2015-09-21T14:18:42","date_gmt":"2015-09-21T14:18:42","guid":{"rendered":"http:\/\/plazajuarez.mx\/index\/index.php\/2015\/09\/21\/maratec-se-lleno-de-corredores\/"},"modified":"2015-09-21T14:18:42","modified_gmt":"2015-09-21T14:18:42","slug":"maratec-se-lleno-de-corredores","status":"publish","type":"post","link":"https:\/\/plazajuarez.mx\/historico\/maratec-se-lleno-de-corredores\/","title":{"rendered":"MARATEC SE LLEN\u00d3 DE CORREDORES"},"content":{"rendered":"<p>#ATLETISMO<\/p>\n<ul>\n<li>EL RECORRIDO TUVO como salida la puerta principal del ITP en punto de las 8:30 horas, y sigui\u00f3 por la lateral del Blvd. Felipe \u00c1ngeles, en lo que fue un gran ambiente<\/li>\n<\/ul>\n<p>DATO<\/p>\n<p>1,2,00 corredores se dieron cita en la ruta de 11 kil\u00f3metros<\/p>\n<p>  <!--more-->  <\/p>\n<p>\u00a0<\/p>\n<p>Con gran satisfacci\u00f3n dio inicio las actividades del 44 Aniversario del Instituto Tecnol\u00f3gico de Pachuca, con el arranque del XXXIII MARATEC que este a\u00f1o registr\u00f3 una participaci\u00f3n de m\u00e1s de mil 200 competidores, en lo que se dej\u00f3 sentir un ambiente cien por ciento familiar.<\/p>\n<p>Asimismo, el recorrido tuvo como salida la puerta principal del ITP en punto de las 8:30 horas, y sigui\u00f3 por la lateral del Blvd. Felipe \u00c1ngeles, el Circuito Sector Primario, Libramiento Colonias-Santa Catarina, Blvd. G. Bonfil, Camino Real de la Plata, retomando Blvd. Felipe \u00c1ngeles, para concluir en la pista de atletismo del ITP, haciendo un total de 11 kil\u00f3metros.<\/p>\n<p>Cabe se\u00f1alar, que se le rindi\u00f3 un homenaje p\u00f3stumo a Irving Venicio Cer\u00f3n Danini destacado atleta del Tecnol\u00f3gico de Pachuca, quien obtuvo el campeonato de 800 metros planos en 2012 en el Evento Nacional Deportivo de los Institutos Tecnol\u00f3gicos y quien lamentablemente perdiera la vida en el mes de agosto de estea\u00f1o tras sostener una batalla de casi dos a\u00f1os contra la leucemia. El reconocimiento fue recibido por la madre de Irving la Sra. Mar\u00eda Danini Bustillos de manos de las autoridades del Tecnol\u00f3gico de Pachuca, quienes ofrecieron sus condolencias a la familia de Irving por la irreparable p\u00e9rdida.<\/p>\n<p>RESULTADOS DE ALGUNAS CATEGOR\u00cdAS<\/p>\n<p>\u00a0<\/p>\n<p>Libre (20 a 39 a\u00f1os): Varonil: 1\u00ba Hilario Hern\u00e1ndez Fuentes (38\u00b447\u00b4\u00b4). 2\u00ba Rom\u00e1n Alarc\u00f3n L\u00f3pez (38\u00b455\u00b4\u00b4). 3\u00ba Ra\u00fal Hern\u00e1ndez Vite (43\u00b426\u00b4\u00b4)<\/p>\n<p>Femenil: 1\u00ba Anabel Vega Arias (42\u00b455\u00b4\u00b4). 2\u00ba Virginia Rivera Vera (44\u00b428\u00b4\u00b4).<\/p>\n<p>3\u00ba Alejandra Echavarr\u00eda Le\u00f3n (50\u00b400).<\/p>\n<p>\u00a0<\/p>\n<p>Master (40 a 49 a\u00f1os): Varonil: 1\u00ba Gilberto Hern\u00e1ndez Mej\u00eda (39\u00b411\u00b4\u00b4), 2\u00ba Evencio del Razo (40\u00b417\u00b4\u00b4). 3\u00ba V\u00edctor Vigueras (40\u00b429\u00b4\u00b4).<\/p>\n<p>Femenil: 1\u00ba Elena D\u00edaz Hern\u00e1ndez (51\u00b458\u00b4\u00b4). 2\u00ba Fabiola Olgu\u00edn Guzm\u00e1n (58\u00b444\u00b4\u00b4). 3\u00ba Guillermina Ch\u00e1vez (66\u00b413\u00b4\u00b4)<\/p>\n","protected":false},"excerpt":{"rendered":"<p>#ATLETISMO EL RECORRIDO TUVO como salida la puerta principal del ITP en punto de las 8:30 horas, y sigui\u00f3 por la lateral del Blvd. Felipe \u00c1ngeles, en lo que fue un gran ambiente DATO 1,2,00 corredores se dieron cita en la ruta de 11 kil\u00f3metros<\/p>\n","protected":false},"author":93,"featured_media":0,"comment_status":"open","ping_status":"open","sticky":false,"template":"","format":"standard","meta":{"footnotes":""},"categories":[39],"tags":[],"class_list":["post-11014","post","type-post","status-publish","format-standard","hentry","category-deportiva"],"_links":{"self":[{"href":"https:\/\/plazajuarez.mx\/historico\/wp-json\/wp\/v2\/posts\/11014","targetHints":{"allow":["GET"]}}],"collection":[{"href":"https:\/\/plazajuarez.mx\/historico\/wp-json\/wp\/v2\/posts"}],"about":[{"href":"https:\/\/plazajuarez.mx\/historico\/wp-json\/wp\/v2\/types\/post"}],"author":[{"embeddable":true,"href":"https:\/\/plazajuarez.mx\/historico\/wp-json\/wp\/v2\/users\/93"}],"replies":[{"embeddable":true,"href":"https:\/\/plazajuarez.mx\/historico\/wp-json\/wp\/v2\/comments?post=11014"}],"version-history":[{"count":0,"href":"https:\/\/plazajuarez.mx\/historico\/wp-json\/wp\/v2\/posts\/11014\/revisions"}],"wp:attachment":[{"href":"https:\/\/plazajuarez.mx\/historico\/wp-json\/wp\/v2\/media?parent=11014"}],"wp:term":[{"taxonomy":"category","embeddable":true,"href":"https:\/\/plazajuarez.mx\/historico\/wp-json\/wp\/v2\/categories?post=11014"},{"taxonomy":"post_tag","embeddable":true,"href":"https:\/\/plazajuarez.mx\/historico\/wp-json\/wp\/v2\/tags?post=11014"}],"curies":[{"name":"wp","href":"https:\/\/api.w.org\/{rel}","templated":true}]}}