{"id":11013,"date":"2015-09-21T14:17:09","date_gmt":"2015-09-21T14:17:09","guid":{"rendered":"http:\/\/plazajuarez.mx\/index\/index.php\/2015\/09\/21\/solucion-a-problema-de-san-juanico-responsabilidad-de-charrez\/"},"modified":"2015-09-21T14:17:09","modified_gmt":"2015-09-21T14:17:09","slug":"solucion-a-problema-de-san-juanico-responsabilidad-de-charrez","status":"publish","type":"post","link":"https:\/\/plazajuarez.mx\/historico\/solucion-a-problema-de-san-juanico-responsabilidad-de-charrez\/","title":{"rendered":"Soluci\u00f3n a problema de San Juanico,  responsabilidad de Charrez"},"content":{"rendered":"<p>IXMIQUILPAN<\/p>\n<p>* El subsecretario Alejandro Ram\u00edrez, asever\u00f3 que el edil de Ixmiquilpan debe considerar la destituci\u00f3n del delegado municipal; el gobierno del estado s\u00f3lo ayudar\u00e1 a propietarios<\/p>\n<p>  <!--more-->  <\/p>\n<p>\u00a0<\/p>\n<p>Dejan solo al presidente municipal de Ixmiquilpan, Cipriano Charrez Pedraza, pues el conflicto de San Juanico, \u201ces un tema que le corresponde atenderlo a \u00e9l, no al gobierno del estado\u201d, sostuvo el Subsecretario, Alejandro Ram\u00edrez Furiati.<\/p>\n<p>En un encuentro con medios de comunicaci\u00f3n, sostuvo, que el conflicto ha tomado otras vertientes y por ahora se ha dejado el tema en manos estrictamente del ayuntamiento y por ello es funci\u00f3n del alcalde, Cipriano Charrez, dar una soluci\u00f3n al problema; expuso, que derivado del conflicto de tierras, la mayor\u00eda de los pobladores est\u00e1n solicitando la destituci\u00f3n del delegado de la comunidad, Sim\u00f3n Baltazar.<\/p>\n<p>Ante este panorama, sugiri\u00f3 al Presidente Municipal considerar la permanencia del delegado en su cargo, debido a que su destituci\u00f3n ayudar\u00eda a disminuir la presi\u00f3n interna dentro de la localidad, lo cual facilitar\u00eda tambi\u00e9n la b\u00fasqueda de una salida.<\/p>\n<p>Ram\u00edrez Furiati, sostuvo que es funci\u00f3n del alcalde llevar a cabo la destituci\u00f3n del delegado, \u201c\u00e9l debe reconocer en qu\u00e9 momento mantenerlo o separarlo del cargo, debido a que lo que se busca es resolver este conflicto generado desde el 2013\u201d.<\/p>\n<p>Los di\u00e1logos que se han intentando realizar han fracasado, debido a que cuando se planean las mesas de trabajo, se presentan personas a manifestarse en las calles, lo cual impide que exista un avance. El problema tambi\u00e9n, es que existe un juicio ante el Tribunal Unitario Agrario (TUA), en la que un sector de la poblaci\u00f3n ha solicitado convertir a las tierras del pueblo en bienes comunales.<\/p>\n<p>\u201cPara convertir las tierras en bienes comunales, primero deben estar de acuerdo todos, lo claro est\u00e1 en que no existen acuerdos por parte de los vecinos\u201d, sostuvo el subsecretario Alejandro Ram\u00edrez, quien agreg\u00f3 que por el momento el gobierno est\u00e1 ayudando a los peque\u00f1os propietarios para regularizar sus propiedades.<\/p>\n<p>Finalmente cabe recordar que la semana pasada, peque\u00f1os propietarios se manifestaron previo a una reuni\u00f3n que sostendr\u00edan con el alcalde, la cual fue cancelada, sin embargo ah\u00ed pidieron una vez m\u00e1s la destituci\u00f3n del delegado de esta comunidad.<\/p>\n","protected":false},"excerpt":{"rendered":"<p>IXMIQUILPAN * El subsecretario Alejandro Ram\u00edrez, asever\u00f3 que el edil de Ixmiquilpan debe considerar la destituci\u00f3n del delegado municipal; el gobierno del estado s\u00f3lo ayudar\u00e1 a propietarios<\/p>\n","protected":false},"author":93,"featured_media":0,"comment_status":"open","ping_status":"open","sticky":false,"template":"","format":"standard","meta":{"footnotes":""},"categories":[40],"tags":[],"class_list":["post-11013","post","type-post","status-publish","format-standard","hentry","category-region"],"_links":{"self":[{"href":"https:\/\/plazajuarez.mx\/historico\/wp-json\/wp\/v2\/posts\/11013","targetHints":{"allow":["GET"]}}],"collection":[{"href":"https:\/\/plazajuarez.mx\/historico\/wp-json\/wp\/v2\/posts"}],"about":[{"href":"https:\/\/plazajuarez.mx\/historico\/wp-json\/wp\/v2\/types\/post"}],"author":[{"embeddable":true,"href":"https:\/\/plazajuarez.mx\/historico\/wp-json\/wp\/v2\/users\/93"}],"replies":[{"embeddable":true,"href":"https:\/\/plazajuarez.mx\/historico\/wp-json\/wp\/v2\/comments?post=11013"}],"version-history":[{"count":0,"href":"https:\/\/plazajuarez.mx\/historico\/wp-json\/wp\/v2\/posts\/11013\/revisions"}],"wp:attachment":[{"href":"https:\/\/plazajuarez.mx\/historico\/wp-json\/wp\/v2\/media?parent=11013"}],"wp:term":[{"taxonomy":"category","embeddable":true,"href":"https:\/\/plazajuarez.mx\/historico\/wp-json\/wp\/v2\/categories?post=11013"},{"taxonomy":"post_tag","embeddable":true,"href":"https:\/\/plazajuarez.mx\/historico\/wp-json\/wp\/v2\/tags?post=11013"}],"curies":[{"name":"wp","href":"https:\/\/api.w.org\/{rel}","templated":true}]}}