{"id":11012,"date":"2015-09-21T14:16:58","date_gmt":"2015-09-21T14:16:58","guid":{"rendered":"http:\/\/plazajuarez.mx\/index\/index.php\/2015\/09\/21\/regidores-de-oposicion-no-han-recibido-dinero-del-gobierno-del-estado\/"},"modified":"2015-09-21T14:16:58","modified_gmt":"2015-09-21T14:16:58","slug":"regidores-de-oposicion-no-han-recibido-dinero-del-gobierno-del-estado","status":"publish","type":"post","link":"https:\/\/plazajuarez.mx\/historico\/regidores-de-oposicion-no-han-recibido-dinero-del-gobierno-del-estado\/","title":{"rendered":"Regidores de oposici\u00f3n no han recibido dinero del gobierno del estado"},"content":{"rendered":"<p>IXMIQUILPAN<\/p>\n<p>  <!--more-->  <\/p>\n<p>\u00a0<\/p>\n<p>El gobierno del estado no ha destinado recursos p\u00fablicos para negociar con los siete regidores y dos s\u00edndicos, que han manifestado abiertamente su oposici\u00f3n al interior del cabildo de Ixmiquilpan, sostuvo la Secretaria de Salud de Hidalgo (SSH), Geraldina Garc\u00eda Gordillo, quien es adem\u00e1s enlace institucional en esta regi\u00f3n.<\/p>\n<p>Desde diciembre del 2014, cuando los regidores decidieron conformar un bloque opositor y se negaron a sesionar, debido a diversos problemas relacionados a la ausencia de condiciones de seguridad a sus personas, la funcionaria estatal intervino.<\/p>\n<p>Fueron varias negociaciones, adem\u00e1s del Subsecretario, Alberto Escamilla Vital, quien personalmente se encarg\u00f3 de realizar las pl\u00e1ticas previas a que los asamble\u00edstas aceptaran negociar y acudir a las sesiones, adem\u00e1s de la intervenci\u00f3n de la Comisi\u00f3n Estatal de Derechos Humanos del Estado de Hidalgo (CDHEH) y el Congreso local.<\/p>\n<p>Al respecto, Garc\u00eda Gordillo, reconoci\u00f3 que s\u00ed ha intervenido en varias ocasiones donde ha dialogado con los integrantes de la asamblea municipal de Ixmiquilpan, quienes han manifestado su abierto rechazo al alcalde, Cipriano Charrez.<\/p>\n<p>\u201cHemos tenido un respeto absoluto a la autonom\u00eda municipal, en algunos momentos s\u00ed hemos tenido acercamiento con las y los integrantes de la asamblea, la petici\u00f3n que le hemos hecho es al dialogo, a la construcci\u00f3n, por eso militan en diferentes partidos pol\u00edticos\u201d, explic\u00f3 la funcionaria hidalguense.<\/p>\n<p>Explic\u00f3, que gracias a su intervenci\u00f3n, se han registrado avances en las mesas de di\u00e1logo, tanto que ya ha habido sesiones de cabildo, donde se han atendido los temas que estaban pendientes en la agenda.<\/p>\n<p>\u201cNosotros lo que hemos hecho, es trabajar en asesor\u00eda, orientaci\u00f3n, generar canales de comunicaci\u00f3n para el beneficio de la sociedad\u201d, sostuvo la funcionaria.<\/p>\n<p>Cabe se\u00f1alar que el cabildo ya ha sesionado en tres ocasiones en los \u00faltimos d\u00edas y se espera que en breve se resuelva lo relacionado al Presupuesto de Egresos 2015.<\/p>\n","protected":false},"excerpt":{"rendered":"<p>IXMIQUILPAN<\/p>\n","protected":false},"author":93,"featured_media":0,"comment_status":"open","ping_status":"open","sticky":false,"template":"","format":"standard","meta":{"footnotes":""},"categories":[40],"tags":[],"class_list":["post-11012","post","type-post","status-publish","format-standard","hentry","category-region"],"_links":{"self":[{"href":"https:\/\/plazajuarez.mx\/historico\/wp-json\/wp\/v2\/posts\/11012","targetHints":{"allow":["GET"]}}],"collection":[{"href":"https:\/\/plazajuarez.mx\/historico\/wp-json\/wp\/v2\/posts"}],"about":[{"href":"https:\/\/plazajuarez.mx\/historico\/wp-json\/wp\/v2\/types\/post"}],"author":[{"embeddable":true,"href":"https:\/\/plazajuarez.mx\/historico\/wp-json\/wp\/v2\/users\/93"}],"replies":[{"embeddable":true,"href":"https:\/\/plazajuarez.mx\/historico\/wp-json\/wp\/v2\/comments?post=11012"}],"version-history":[{"count":0,"href":"https:\/\/plazajuarez.mx\/historico\/wp-json\/wp\/v2\/posts\/11012\/revisions"}],"wp:attachment":[{"href":"https:\/\/plazajuarez.mx\/historico\/wp-json\/wp\/v2\/media?parent=11012"}],"wp:term":[{"taxonomy":"category","embeddable":true,"href":"https:\/\/plazajuarez.mx\/historico\/wp-json\/wp\/v2\/categories?post=11012"},{"taxonomy":"post_tag","embeddable":true,"href":"https:\/\/plazajuarez.mx\/historico\/wp-json\/wp\/v2\/tags?post=11012"}],"curies":[{"name":"wp","href":"https:\/\/api.w.org\/{rel}","templated":true}]}}