{"id":11011,"date":"2015-09-21T14:16:29","date_gmt":"2015-09-21T14:16:29","guid":{"rendered":"http:\/\/plazajuarez.mx\/index\/index.php\/2015\/09\/21\/no-heredare-deuda-publica-a-la-nueva-administracion-dijo-nava-rosales\/"},"modified":"2015-09-21T14:16:29","modified_gmt":"2015-09-21T14:16:29","slug":"no-heredare-deuda-publica-a-la-nueva-administracion-dijo-nava-rosales","status":"publish","type":"post","link":"https:\/\/plazajuarez.mx\/historico\/no-heredare-deuda-publica-a-la-nueva-administracion-dijo-nava-rosales\/","title":{"rendered":"No heredar\u00e9 deuda p\u00fablica a la nueva administraci\u00f3n, dijo Nava Rosales"},"content":{"rendered":"<p>MINERAL DEL MONTE<\/p>\n<p>* El Presidente Municipal, present\u00f3 su cuarto informe de gobierno el pasado fin de semana, donde garantiz\u00f3 que dejar\u00e1 finanzas sanas a la administraci\u00f3n que deber\u00e1 iniciar su periodo en septiembre del siguiente a\u00f1o<\/p>\n<p>  <!--more-->  <\/p>\n<p>\u00a0<\/p>\n<p>El presidente municipal de Mineral del Monte, Camilo Nava Rosales, \u00a0inform\u00f3 que la administraci\u00f3n que hoy encabeza \u201cno heredar\u00e1\u201d deudas a la que vaya a entrar el pr\u00f3ximo a\u00f1o, y asegur\u00f3 que el municipio hoy mantiene un estado de finanzas sanas, lo anterior durante el Cuarto Informe que present\u00f3 ante la ciudadan\u00eda el pasado fin de semana.<\/p>\n<p>\u00a0\u201cNo se heredar\u00e1 nada de deudas a la siguiente administraci\u00f3n, nos hemos caracterizado por no contraer deudas, lo \u00fanico que dejaremos ser\u00e1n obras terminadas, compromisos cumplidos y un estado de finanzas sanas, todav\u00eda nos queda un a\u00f1o de trabajo y con el esfuerzo que se ha realizado en conjunto lograremos cumplir las metas trazadas en este ejercicio\u201d, dijo.\u00a0<\/p>\n<p>De igual forma coment\u00f3 que el reto para el \u00faltimo a\u00f1o de su gesti\u00f3n, ser\u00e1 en materia de competitividad y activaci\u00f3n econ\u00f3mica, a fin de contribuir a que la poblaci\u00f3n sea parte del desarrollo e impacte de manera positiva en sus bolsillos.<\/p>\n<p>\u201cHemos buscado alternativas, somos de los primeros municipios que aportan m\u00e1s al estado sin contar con industrias. Seguiremos apostando al turismo y a la econom\u00eda de servicios y comercio\u201d, asegur\u00f3 el edil.<\/p>\n<p>Por otra parte, Nava Rosales, enfatiz\u00f3 que de los 53 compromisos de campa\u00f1a firmados ante notario p\u00fablico se ha cubierto poco m\u00e1s del 80 por ciento por lo que el resto se deber\u00e1n ejecutar en lo que resta de su mandato, \u201cdestacan obras p\u00fablicas como pavimentaci\u00f3n, drenaje y rescate de espacios p\u00fablicos y seguridad\u201d, explic\u00f3.<\/p>\n<p>Finalmente destac\u00f3 que en breve comenzar\u00e1n las obras para la creaci\u00f3n del Centro Cultural de Real del Monte, en lo que hasta ahora hab\u00eda sido el Auditorio Municipal, proyecto al que se le invertir\u00e1n 3 millones de pesos en dos partes iguales aportadas por el municipio y el programa de rescate de espacios p\u00fablicos de la Sedatu.<\/p>\n","protected":false},"excerpt":{"rendered":"<p>MINERAL DEL MONTE * El Presidente Municipal, present\u00f3 su cuarto informe de gobierno el pasado fin de semana, donde garantiz\u00f3 que dejar\u00e1 finanzas sanas a la administraci\u00f3n que deber\u00e1 iniciar su periodo en septiembre del siguiente a\u00f1o<\/p>\n","protected":false},"author":93,"featured_media":0,"comment_status":"open","ping_status":"open","sticky":false,"template":"","format":"standard","meta":{"footnotes":""},"categories":[40],"tags":[],"class_list":["post-11011","post","type-post","status-publish","format-standard","hentry","category-region"],"_links":{"self":[{"href":"https:\/\/plazajuarez.mx\/historico\/wp-json\/wp\/v2\/posts\/11011","targetHints":{"allow":["GET"]}}],"collection":[{"href":"https:\/\/plazajuarez.mx\/historico\/wp-json\/wp\/v2\/posts"}],"about":[{"href":"https:\/\/plazajuarez.mx\/historico\/wp-json\/wp\/v2\/types\/post"}],"author":[{"embeddable":true,"href":"https:\/\/plazajuarez.mx\/historico\/wp-json\/wp\/v2\/users\/93"}],"replies":[{"embeddable":true,"href":"https:\/\/plazajuarez.mx\/historico\/wp-json\/wp\/v2\/comments?post=11011"}],"version-history":[{"count":0,"href":"https:\/\/plazajuarez.mx\/historico\/wp-json\/wp\/v2\/posts\/11011\/revisions"}],"wp:attachment":[{"href":"https:\/\/plazajuarez.mx\/historico\/wp-json\/wp\/v2\/media?parent=11011"}],"wp:term":[{"taxonomy":"category","embeddable":true,"href":"https:\/\/plazajuarez.mx\/historico\/wp-json\/wp\/v2\/categories?post=11011"},{"taxonomy":"post_tag","embeddable":true,"href":"https:\/\/plazajuarez.mx\/historico\/wp-json\/wp\/v2\/tags?post=11011"}],"curies":[{"name":"wp","href":"https:\/\/api.w.org\/{rel}","templated":true}]}}